{"id":1005152,"date":"2017-12-21T20:53:41","date_gmt":"2017-12-21T19:53:41","guid":{"rendered":"http:\/\/wordpress4.local\/2017\/12\/21\/dernieres-nouvelles-avant-le-temps-des-fetes\/"},"modified":"2020-07-08T01:04:52","modified_gmt":"2020-07-07T23:04:52","slug":"dernieres-nouvelles-avant-le-temps-des-fetes","status":"publish","type":"post","link":"https:\/\/www.prevel.ca\/fr\/blogue\/dernieres-nouvelles-avant-le-temps-des-fetes","title":{"rendered":"Derni\u00e8res nouvelles avant le temps des f\u00eates"},"content":{"rendered":"\n<p>Dernier article de l\u2019ann\u00e9e pour le blogue ! C\u2019est &nbsp;l\u2019occasion de vous souhaiter un temps des f\u00eates rempli de plaisir! Mais avant de prendre une pause bien m\u00e9rit\u00e9e, voici les derni\u00e8res nouvelles de nos projets.<\/p>\n\n\n<figure class=\"wp-block-image image\" style=\"--ratio:133.333333333%\"><img loading=\"lazy\" decoding=\"async\" width=\"600\" height=\"800\" src=\"https:\/\/www.prevel.ca\/wp-content\/uploads\/21e-perspective-phase-4-blogue.jpg\" alt=\"perspective-phase-4-21e-arrondissement\" class=\"wp-image-1005144\" srcset=\"https:\/\/www.prevel.ca\/wp-content\/uploads\/21e-perspective-phase-4-blogue.jpg 600w, https:\/\/www.prevel.ca\/wp-content\/uploads\/21e-perspective-phase-4-blogue-225x300.jpg 225w\" sizes=\"auto, (max-width: 600px) 100vw, 600px\" \/><figcaption>La phase 4 du 21e arrondissement<\/figcaption><\/figure>\n\n\n\n<h2 class=\"wp-block-heading\"><meta charset=\"utf-8\"><b id=\"docs-internal-guid-017431dd-7a7f-a865-5b04-dc87561e8b33\">Le 21e arrondissement,&nbsp;<\/b>\u00e0 la crois\u00e9e du Vieux-Montr\u00e9al et de Griffintown<\/h2>\n\n\n\n<ul class=\"wp-block-list\"><li><u>Phase 3 &#8211; en construction<\/u><\/li><\/ul>\n\n\n\n<p>Il y a quelques jours, les \u00e9quipes ont fini de couler la dalle du toit. Les travaux de d\u00e9coffrage du 7e jusqu\u2019au 9e \u00e9tage sont en cours. Les murs ext\u00e9rieurs sont \u00e9rig\u00e9s et les fen\u00eatres sont install\u00e9es jusqu\u2019au 4e \u00e9tage.<\/p>\n\n\n\n<ul class=\"wp-block-list\"><li><u>Phase 4 &#8211; en vente<\/u><\/li><\/ul>\n\n\n\n<p>Lanc\u00e9e en octobre dernier, la phase 4 est d\u00e9j\u00e0 vendue \u00e0 60%!<\/p>\n\n\n\n<p>N\u2019h\u00e9sitez pas \u00e0 nous rencontrer au bureau des ventes \u00e0 partir du 6 janvier pour visiter les unit\u00e9s mod\u00e8les et prendre connaissance des unit\u00e9s encore disponibles. La phase 4 offre des condos de 1 \u00e0 3 chambres et des studios. Les prix varient entre 152 000$ et 689 000$.<\/p>\n\n\n\n<p>Pour en savoir plus sur le projet, cliquez <a href=\"http:\/\/le21e.prevel.ca\/fr\/phase4\/\">ici<\/a>.<\/p>\n\n\n\n<p>Restez \u00e0 l\u2019affut, nous lancerons prochainement la 5e et derni\u00e8re phase du projet.<\/p>\n\n\n<figure class=\"wp-block-image image\" style=\"--ratio:66.6666666667%\"><img loading=\"lazy\" decoding=\"async\" width=\"600\" height=\"400\" src=\"https:\/\/www.prevel.ca\/wp-content\/uploads\/centre-sportif-bassins-quai-2b.jpg\" alt=\"centre-sportif-quai-2-b\" class=\"wp-image-1005146\" srcset=\"https:\/\/www.prevel.ca\/wp-content\/uploads\/centre-sportif-bassins-quai-2b.jpg 600w, https:\/\/www.prevel.ca\/wp-content\/uploads\/centre-sportif-bassins-quai-2b-300x200.jpg 300w\" sizes=\"auto, (max-width: 600px) 100vw, 600px\" \/><figcaption>Le centre sportif du Quai 2b des Bassins du Havre<\/figcaption><\/figure>\n\n\n\n<h2 class=\"wp-block-heading\"><meta charset=\"utf-8\"><b id=\"docs-internal-guid-017431dd-7a91-88b1-0441-33fce159e0b5\">Les Bassins du Havre, sur les berges du canal de Lachine \u00e0 Griffintown<\/b><\/h2>\n\n\n\n<ul class=\"wp-block-list\"><li><u>Quai 2b &#8211; livraisons termin\u00e9es<\/u><\/li><\/ul>\n\n\n\n<p>Toutes les unit\u00e9s ont \u00e9t\u00e9 &nbsp;livr\u00e9es.<\/p>\n\n\n\n<p>Depuis la mi-d\u00e9cembre, la salle d\u2019entrainement, la piscine int\u00e9rieure et l\u2019espace spa sont ouverts! Les \u00e9quipes travaillent fort sur les derni\u00e8res finitions.<\/p>\n\n\n\n<ul class=\"wp-block-list\"><li><u>Quai 3 &#8211; en construction<\/u><\/li><\/ul>\n\n\n\n<p>Toutes les unit\u00e9s ont \u00e9t\u00e9 vendues.<\/p>\n\n\n\n<p>Les travaux de ma\u00e7onnerie ext\u00e9rieure sont compl\u00e9t\u00e9s \u00e0 97% et les cloisons int\u00e9rieures sont rendues au 6e et 7e \u00e9tage. Les \u00e9quipes posent actuellement le gypse au rez-de-chauss\u00e9 et au 2e \u00e9tage. Ils pr\u00e9voient d\u2019installer les premi\u00e8res cuisines en f\u00e9vrier.<\/p>\n\n\n\n<ul class=\"wp-block-list\"><li><u>Quai 4 &#8211; en construction<\/u><\/li><\/ul>\n\n\n\n<p>Des unit\u00e9s int\u00e9ressantes sont encore disponibles! N\u2019h\u00e9sitez pas \u00e0 nous rencontrer au bureau des ventes \u00e0 partir du 6 janvier pour visiter les unit\u00e9s mod\u00e8les. Le dernier quai du projet offre de grandes unit\u00e9s allant jusqu\u2019\u00e0 2000 pi2. Les prix varient entre 296,000$ et 1 014,000$.<\/p>\n\n\n\n<p>Les \u00e9quipes de construction ont fini de coffrer et de couler la dalle du premier sous-sol.<\/p>\n\n\n\n<p>Pour en savoir plus sur le projet, cliquez <a href=\"http:\/\/lesbassins.prevel.ca\/fr\">ici<\/a>.<\/p>\n\n\n<figure class=\"wp-block-image image\" style=\"--ratio:66.6666666667%\"><img loading=\"lazy\" decoding=\"async\" width=\"1200\" height=\"800\" src=\"https:\/\/www.prevel.ca\/wp-content\/uploads\/union-sur-le-pqrc-condos-prevel-montreal-1.jpg\" alt=\"phase-1-2-union-sur-le-parc\" class=\"wp-image-1005148\" srcset=\"https:\/\/www.prevel.ca\/wp-content\/uploads\/union-sur-le-pqrc-condos-prevel-montreal-1.jpg 1200w, https:\/\/www.prevel.ca\/wp-content\/uploads\/union-sur-le-pqrc-condos-prevel-montreal-1-300x200.jpg 300w, https:\/\/www.prevel.ca\/wp-content\/uploads\/union-sur-le-pqrc-condos-prevel-montreal-1-1024x683.jpg 1024w, https:\/\/www.prevel.ca\/wp-content\/uploads\/union-sur-le-pqrc-condos-prevel-montreal-1-768x512.jpg 768w\" sizes=\"auto, (max-width: 1200px) 100vw, 1200px\" \/><figcaption>Phase 1 et 2 d&rsquo;Union sur le Parc<\/figcaption><\/figure>\n\n\n\n<h2 class=\"wp-block-heading\"><meta charset=\"utf-8\"><b id=\"docs-internal-guid-017431dd-7a9a-c871-65e9-d0454168a128\">Union sur le Parc, \u00e0 Shaughnessy Village<\/b><\/h2>\n\n\n\n<ul class=\"wp-block-list\"><li><u>Phase 1 &#8211; en construction<\/u><\/li><\/ul>\n\n\n\n<p>La pellet\u00e9e de terre du projet a lieu en septembre dernier. Depuis, les \u00e9quipes sont occup\u00e9es avec les travaux d\u2019excavation du dernier niveau des garages. Elles pr\u00e9voient couler les semelles \u00e0 la fin janvier.<\/p>\n\n\n\n<ul class=\"wp-block-list\"><li><u>Phase 2 &#8211; en vente<\/u><\/li><\/ul>\n\n\n\n<p>Lanc\u00e9e en septembre dernier, la deuxi\u00e8me phase du projet est d\u00e9j\u00e0 vendue \u00e0 65%. De nombreuses unit\u00e9s int\u00e9ressantes sont encore disponibles! N\u2019h\u00e9sitez pas \u00e0 nous rendre visite au bureau des ventes \u00e0 partir du 6 janvier pour en prendre connaissance. Les prix varient entre 232,000$ et 780,000$<\/p>\n\n\n\n<p>Pour en savoir plus sur le projet, cliquez <a href=\"http:\/\/unionparc.prevel.ca\/\">ici<\/a>.<\/p>\n\n\n<figure class=\"wp-block-image image\" style=\"--ratio:66.6666666667%\"><img loading=\"lazy\" decoding=\"async\" width=\"600\" height=\"400\" src=\"https:\/\/www.prevel.ca\/wp-content\/uploads\/lowney-perspective.jpg\" alt=\"perspective-toit-terrasse-lowney-sur-ville\" class=\"wp-image-1005150\" srcset=\"https:\/\/www.prevel.ca\/wp-content\/uploads\/lowney-perspective.jpg 600w, https:\/\/www.prevel.ca\/wp-content\/uploads\/lowney-perspective-300x200.jpg 300w\" sizes=\"auto, (max-width: 600px) 100vw, 600px\" \/><figcaption>Toit-terrasse du Lowney sur Ville<\/figcaption><\/figure>\n\n\n\n<h2 class=\"wp-block-heading\">Le Lowney sur Ville, \u00e0 Griffintown<\/h2>\n\n\n\n<ul class=\"wp-block-list\"><li><u>Phase 4 &#8211; en construction<\/u><\/li><\/ul>\n\n\n\n<p>Le projet touche \u00e0 sa fin; les \u00e9quipes travaillent fort pour livrer les unit\u00e9s.<\/p>\n\n\n\n<p>Au 20e \u00e9tage, elles effectuent les travaux de divisions int\u00e9rieures et les travaux de m\u00e9canique. La pose de gypse au 16e est en court et au 14e et 15e \u00e9tage, on proc\u00e8de au tirage de joints de placopl\u00e2tre. Les \u00e9quipes ont aussi appliqu\u00e9 la premi\u00e8re couche de peinture au 12e, pos\u00e9 la c\u00e9ramique au 8e et 9e et les armoires au 5e, proc\u00e9d\u00e9 aux travaux de finition de menuiserie au 9e et de ma\u00e7onnerie ext\u00e9rieure au 16e. La terrasse autour de la piscine au toit est b\u00e9tonn\u00e9e.<\/p>\n\n\n\n<p>Au d\u00e9but janvier, elles installeront les cadres de porte.<\/p>\n\n\n\n<p><strong>Nous tenons aussi \u00e0 vous informer que le service apr\u00e8s-vente, la construction et le bureau chef seront ferm\u00e9s du 23 d\u00e9cembre au 7 janvier inclusivement. Les bureaux des ventes seront, quant \u00e0 eux, ferm\u00e9s du 22 d\u00e9cembre au 5 janvier inclusivement.<\/strong><\/p>\n\n\n\n<p>Passez un joyeux temps des f\u00eates et meilleurs voeux pour la nouvelle ann\u00e9e!<\/p>\n","protected":false},"excerpt":{"rendered":"<p>Dernier article de l\u2019ann\u00e9e pour le blogue ! C\u2019est &nbsp;l\u2019occasion de vous souhaiter un temps des f\u00eates rempli de plaisir! Mais avant de prendre une pause bien m\u00e9rit\u00e9e, voici les derni\u00e8res nouvelles de nos projets. Le 21e arrondissement,&nbsp;\u00e0 la crois\u00e9e du Vieux-Montr\u00e9al et de Griffintown Phase 3 &#8211; en construction Il y a quelques jours,&hellip;<\/p>\n","protected":false},"author":24,"featured_media":1005155,"comment_status":"open","ping_status":"open","sticky":false,"template":"","format":"standard","meta":{"_acf_changed":false,"_editorskit_title_hidden":false,"_editorskit_reading_time":0,"_editorskit_is_block_options_detached":false,"_editorskit_block_options_position":"{}","footnotes":""},"categories":[1],"tags":[],"class_list":["post-1005152","post","type-post","status-publish","format-standard","has-post-thumbnail","hentry","category-non-classifiee"],"acf":[],"yoast_head":"<!-- This site is optimized with the Yoast SEO plugin v26.5 - https:\/\/yoast.com\/wordpress\/plugins\/seo\/ -->\n<title>Derni\u00e8res nouvelles avant le temps des f\u00eates - Pr\u00e9vel<\/title>\n<meta name=\"robots\" content=\"index, follow, max-snippet:-1, max-image-preview:large, max-video-preview:-1\" \/>\n<link rel=\"canonical\" href=\"https:\/\/www.prevel.ca\/fr\/blogue\/dernieres-nouvelles-avant-le-temps-des-fetes\" \/>\n<meta property=\"og:locale\" content=\"fr_FR\" \/>\n<meta property=\"og:type\" content=\"article\" \/>\n<meta property=\"og:title\" content=\"Derni\u00e8res nouvelles avant le temps des f\u00eates - Pr\u00e9vel\" \/>\n<meta property=\"og:description\" content=\"Dernier article de l\u2019ann\u00e9e pour le blogue ! C\u2019est &nbsp;l\u2019occasion de vous souhaiter un temps des f\u00eates rempli de plaisir! Mais avant de prendre une pause bien m\u00e9rit\u00e9e, voici les derni\u00e8res nouvelles de nos projets. Le 21e arrondissement,&nbsp;\u00e0 la crois\u00e9e du Vieux-Montr\u00e9al et de Griffintown Phase 3 &#8211; en construction Il y a quelques jours,&hellip;\" \/>\n<meta property=\"og:url\" content=\"https:\/\/www.prevel.ca\/fr\/blogue\/dernieres-nouvelles-avant-le-temps-des-fetes\" \/>\n<meta property=\"og:site_name\" content=\"Pr\u00e9vel\" \/>\n<meta property=\"article:published_time\" content=\"2017-12-21T19:53:41+00:00\" \/>\n<meta property=\"article:modified_time\" content=\"2020-07-07T23:04:52+00:00\" \/>\n<meta property=\"og:image\" content=\"https:\/\/www.prevel.ca\/wp-content\/uploads\/field\/image\/miniature-fetes-2017.jpg\" \/>\n\t<meta property=\"og:image:width\" content=\"318\" \/>\n\t<meta property=\"og:image:height\" content=\"311\" \/>\n\t<meta property=\"og:image:type\" content=\"image\/jpeg\" \/>\n<meta name=\"author\" content=\"Alexandra Renaud\" \/>\n<meta name=\"twitter:card\" content=\"summary_large_image\" \/>\n<meta name=\"twitter:label1\" content=\"\u00c9crit par\" \/>\n\t<meta name=\"twitter:data1\" content=\"Alexandra Renaud\" \/>\n\t<meta name=\"twitter:label2\" content=\"Dur\u00e9e de lecture estim\u00e9e\" \/>\n\t<meta name=\"twitter:data2\" content=\"3 minutes\" \/>\n<script type=\"application\/ld+json\" class=\"yoast-schema-graph\">{\"@context\":\"https:\/\/schema.org\",\"@graph\":[{\"@type\":\"Article\",\"@id\":\"https:\/\/www.prevel.ca\/fr\/blogue\/dernieres-nouvelles-avant-le-temps-des-fetes#article\",\"isPartOf\":{\"@id\":\"https:\/\/www.prevel.ca\/fr\/blogue\/dernieres-nouvelles-avant-le-temps-des-fetes\"},\"author\":{\"name\":\"Alexandra Renaud\",\"@id\":\"https:\/\/www.prevel.ca\/fr\/#\/schema\/person\/2a68e215fbd5494c521d1db38791f5d2\"},\"headline\":\"Derni\u00e8res nouvelles avant le temps des f\u00eates\",\"datePublished\":\"2017-12-21T19:53:41+00:00\",\"dateModified\":\"2020-07-07T23:04:52+00:00\",\"mainEntityOfPage\":{\"@id\":\"https:\/\/www.prevel.ca\/fr\/blogue\/dernieres-nouvelles-avant-le-temps-des-fetes\"},\"wordCount\":704,\"commentCount\":0,\"publisher\":{\"@id\":\"https:\/\/www.prevel.ca\/fr\/#organization\"},\"image\":{\"@id\":\"https:\/\/www.prevel.ca\/fr\/blogue\/dernieres-nouvelles-avant-le-temps-des-fetes#primaryimage\"},\"thumbnailUrl\":\"https:\/\/www.prevel.ca\/wp-content\/uploads\/field\/image\/miniature-fetes-2017.jpg\",\"articleSection\":[\"Non classifi\u00e9(e)\"],\"inLanguage\":\"fr-FR\",\"potentialAction\":[{\"@type\":\"CommentAction\",\"name\":\"Comment\",\"target\":[\"https:\/\/www.prevel.ca\/fr\/blogue\/dernieres-nouvelles-avant-le-temps-des-fetes#respond\"]}]},{\"@type\":\"WebPage\",\"@id\":\"https:\/\/www.prevel.ca\/fr\/blogue\/dernieres-nouvelles-avant-le-temps-des-fetes\",\"url\":\"https:\/\/www.prevel.ca\/fr\/blogue\/dernieres-nouvelles-avant-le-temps-des-fetes\",\"name\":\"Derni\u00e8res nouvelles avant le temps des f\u00eates - Pr\u00e9vel\",\"isPartOf\":{\"@id\":\"https:\/\/www.prevel.ca\/fr\/#website\"},\"primaryImageOfPage\":{\"@id\":\"https:\/\/www.prevel.ca\/fr\/blogue\/dernieres-nouvelles-avant-le-temps-des-fetes#primaryimage\"},\"image\":{\"@id\":\"https:\/\/www.prevel.ca\/fr\/blogue\/dernieres-nouvelles-avant-le-temps-des-fetes#primaryimage\"},\"thumbnailUrl\":\"https:\/\/www.prevel.ca\/wp-content\/uploads\/field\/image\/miniature-fetes-2017.jpg\",\"datePublished\":\"2017-12-21T19:53:41+00:00\",\"dateModified\":\"2020-07-07T23:04:52+00:00\",\"breadcrumb\":{\"@id\":\"https:\/\/www.prevel.ca\/fr\/blogue\/dernieres-nouvelles-avant-le-temps-des-fetes#breadcrumb\"},\"inLanguage\":\"fr-FR\",\"potentialAction\":[{\"@type\":\"ReadAction\",\"target\":[\"https:\/\/www.prevel.ca\/fr\/blogue\/dernieres-nouvelles-avant-le-temps-des-fetes\"]}]},{\"@type\":\"ImageObject\",\"inLanguage\":\"fr-FR\",\"@id\":\"https:\/\/www.prevel.ca\/fr\/blogue\/dernieres-nouvelles-avant-le-temps-des-fetes#primaryimage\",\"url\":\"https:\/\/www.prevel.ca\/wp-content\/uploads\/field\/image\/miniature-fetes-2017.jpg\",\"contentUrl\":\"https:\/\/www.prevel.ca\/wp-content\/uploads\/field\/image\/miniature-fetes-2017.jpg\",\"width\":318,\"height\":311,\"caption\":\"miniature-fetes-2017\"},{\"@type\":\"BreadcrumbList\",\"@id\":\"https:\/\/www.prevel.ca\/fr\/blogue\/dernieres-nouvelles-avant-le-temps-des-fetes#breadcrumb\",\"itemListElement\":[{\"@type\":\"ListItem\",\"position\":1,\"name\":\"Home\",\"item\":\"https:\/\/www.prevel.ca\/fr\"},{\"@type\":\"ListItem\",\"position\":2,\"name\":\"Derni\u00e8res nouvelles avant le temps des f\u00eates\"}]},{\"@type\":\"WebSite\",\"@id\":\"https:\/\/www.prevel.ca\/fr\/#website\",\"url\":\"https:\/\/www.prevel.ca\/fr\/\",\"name\":\"Pr\u00e9vel\",\"description\":\"\",\"publisher\":{\"@id\":\"https:\/\/www.prevel.ca\/fr\/#organization\"},\"potentialAction\":[{\"@type\":\"SearchAction\",\"target\":{\"@type\":\"EntryPoint\",\"urlTemplate\":\"https:\/\/www.prevel.ca\/fr\/?s={search_term_string}\"},\"query-input\":{\"@type\":\"PropertyValueSpecification\",\"valueRequired\":true,\"valueName\":\"search_term_string\"}}],\"inLanguage\":\"fr-FR\"},{\"@type\":\"Organization\",\"@id\":\"https:\/\/www.prevel.ca\/fr\/#organization\",\"name\":\"Pr\u00e9vel\",\"url\":\"https:\/\/www.prevel.ca\/fr\/\",\"logo\":{\"@type\":\"ImageObject\",\"inLanguage\":\"fr-FR\",\"@id\":\"https:\/\/www.prevel.ca\/fr\/#\/schema\/logo\/image\/\",\"url\":\"https:\/\/www.prevel.ca\/wp-content\/uploads\/icon-logo.svg\",\"contentUrl\":\"https:\/\/www.prevel.ca\/wp-content\/uploads\/icon-logo.svg\",\"width\":122,\"height\":33,\"caption\":\"Pr\u00e9vel\"},\"image\":{\"@id\":\"https:\/\/www.prevel.ca\/fr\/#\/schema\/logo\/image\/\"}},{\"@type\":\"Person\",\"@id\":\"https:\/\/www.prevel.ca\/fr\/#\/schema\/person\/2a68e215fbd5494c521d1db38791f5d2\",\"name\":\"Alexandra Renaud\",\"image\":{\"@type\":\"ImageObject\",\"inLanguage\":\"fr-FR\",\"@id\":\"https:\/\/www.prevel.ca\/fr\/#\/schema\/person\/image\/\",\"url\":\"https:\/\/secure.gravatar.com\/avatar\/66928d5c9f9c3abad752eb13b6c7342fd1ab3cb10352523371c398efaf637554?s=96&d=mm&r=g\",\"contentUrl\":\"https:\/\/secure.gravatar.com\/avatar\/66928d5c9f9c3abad752eb13b6c7342fd1ab3cb10352523371c398efaf637554?s=96&d=mm&r=g\",\"caption\":\"Alexandra Renaud\"}}]}<\/script>\n<!-- \/ Yoast SEO plugin. -->","yoast_head_json":{"title":"Derni\u00e8res nouvelles avant le temps des f\u00eates - Pr\u00e9vel","robots":{"index":"index","follow":"follow","max-snippet":"max-snippet:-1","max-image-preview":"max-image-preview:large","max-video-preview":"max-video-preview:-1"},"canonical":"https:\/\/www.prevel.ca\/fr\/blogue\/dernieres-nouvelles-avant-le-temps-des-fetes","og_locale":"fr_FR","og_type":"article","og_title":"Derni\u00e8res nouvelles avant le temps des f\u00eates - Pr\u00e9vel","og_description":"Dernier article de l\u2019ann\u00e9e pour le blogue ! C\u2019est &nbsp;l\u2019occasion de vous souhaiter un temps des f\u00eates rempli de plaisir! Mais avant de prendre une pause bien m\u00e9rit\u00e9e, voici les derni\u00e8res nouvelles de nos projets. Le 21e arrondissement,&nbsp;\u00e0 la crois\u00e9e du Vieux-Montr\u00e9al et de Griffintown Phase 3 &#8211; en construction Il y a quelques jours,&hellip;","og_url":"https:\/\/www.prevel.ca\/fr\/blogue\/dernieres-nouvelles-avant-le-temps-des-fetes","og_site_name":"Pr\u00e9vel","article_published_time":"2017-12-21T19:53:41+00:00","article_modified_time":"2020-07-07T23:04:52+00:00","og_image":[{"width":318,"height":311,"url":"https:\/\/www.prevel.ca\/wp-content\/uploads\/field\/image\/miniature-fetes-2017.jpg","type":"image\/jpeg"}],"author":"Alexandra Renaud","twitter_card":"summary_large_image","twitter_misc":{"\u00c9crit par":"Alexandra Renaud","Dur\u00e9e de lecture estim\u00e9e":"3 minutes"},"schema":{"@context":"https:\/\/schema.org","@graph":[{"@type":"Article","@id":"https:\/\/www.prevel.ca\/fr\/blogue\/dernieres-nouvelles-avant-le-temps-des-fetes#article","isPartOf":{"@id":"https:\/\/www.prevel.ca\/fr\/blogue\/dernieres-nouvelles-avant-le-temps-des-fetes"},"author":{"name":"Alexandra Renaud","@id":"https:\/\/www.prevel.ca\/fr\/#\/schema\/person\/2a68e215fbd5494c521d1db38791f5d2"},"headline":"Derni\u00e8res nouvelles avant le temps des f\u00eates","datePublished":"2017-12-21T19:53:41+00:00","dateModified":"2020-07-07T23:04:52+00:00","mainEntityOfPage":{"@id":"https:\/\/www.prevel.ca\/fr\/blogue\/dernieres-nouvelles-avant-le-temps-des-fetes"},"wordCount":704,"commentCount":0,"publisher":{"@id":"https:\/\/www.prevel.ca\/fr\/#organization"},"image":{"@id":"https:\/\/www.prevel.ca\/fr\/blogue\/dernieres-nouvelles-avant-le-temps-des-fetes#primaryimage"},"thumbnailUrl":"https:\/\/www.prevel.ca\/wp-content\/uploads\/field\/image\/miniature-fetes-2017.jpg","articleSection":["Non classifi\u00e9(e)"],"inLanguage":"fr-FR","potentialAction":[{"@type":"CommentAction","name":"Comment","target":["https:\/\/www.prevel.ca\/fr\/blogue\/dernieres-nouvelles-avant-le-temps-des-fetes#respond"]}]},{"@type":"WebPage","@id":"https:\/\/www.prevel.ca\/fr\/blogue\/dernieres-nouvelles-avant-le-temps-des-fetes","url":"https:\/\/www.prevel.ca\/fr\/blogue\/dernieres-nouvelles-avant-le-temps-des-fetes","name":"Derni\u00e8res nouvelles avant le temps des f\u00eates - Pr\u00e9vel","isPartOf":{"@id":"https:\/\/www.prevel.ca\/fr\/#website"},"primaryImageOfPage":{"@id":"https:\/\/www.prevel.ca\/fr\/blogue\/dernieres-nouvelles-avant-le-temps-des-fetes#primaryimage"},"image":{"@id":"https:\/\/www.prevel.ca\/fr\/blogue\/dernieres-nouvelles-avant-le-temps-des-fetes#primaryimage"},"thumbnailUrl":"https:\/\/www.prevel.ca\/wp-content\/uploads\/field\/image\/miniature-fetes-2017.jpg","datePublished":"2017-12-21T19:53:41+00:00","dateModified":"2020-07-07T23:04:52+00:00","breadcrumb":{"@id":"https:\/\/www.prevel.ca\/fr\/blogue\/dernieres-nouvelles-avant-le-temps-des-fetes#breadcrumb"},"inLanguage":"fr-FR","potentialAction":[{"@type":"ReadAction","target":["https:\/\/www.prevel.ca\/fr\/blogue\/dernieres-nouvelles-avant-le-temps-des-fetes"]}]},{"@type":"ImageObject","inLanguage":"fr-FR","@id":"https:\/\/www.prevel.ca\/fr\/blogue\/dernieres-nouvelles-avant-le-temps-des-fetes#primaryimage","url":"https:\/\/www.prevel.ca\/wp-content\/uploads\/field\/image\/miniature-fetes-2017.jpg","contentUrl":"https:\/\/www.prevel.ca\/wp-content\/uploads\/field\/image\/miniature-fetes-2017.jpg","width":318,"height":311,"caption":"miniature-fetes-2017"},{"@type":"BreadcrumbList","@id":"https:\/\/www.prevel.ca\/fr\/blogue\/dernieres-nouvelles-avant-le-temps-des-fetes#breadcrumb","itemListElement":[{"@type":"ListItem","position":1,"name":"Home","item":"https:\/\/www.prevel.ca\/fr"},{"@type":"ListItem","position":2,"name":"Derni\u00e8res nouvelles avant le temps des f\u00eates"}]},{"@type":"WebSite","@id":"https:\/\/www.prevel.ca\/fr\/#website","url":"https:\/\/www.prevel.ca\/fr\/","name":"Pr\u00e9vel","description":"","publisher":{"@id":"https:\/\/www.prevel.ca\/fr\/#organization"},"potentialAction":[{"@type":"SearchAction","target":{"@type":"EntryPoint","urlTemplate":"https:\/\/www.prevel.ca\/fr\/?s={search_term_string}"},"query-input":{"@type":"PropertyValueSpecification","valueRequired":true,"valueName":"search_term_string"}}],"inLanguage":"fr-FR"},{"@type":"Organization","@id":"https:\/\/www.prevel.ca\/fr\/#organization","name":"Pr\u00e9vel","url":"https:\/\/www.prevel.ca\/fr\/","logo":{"@type":"ImageObject","inLanguage":"fr-FR","@id":"https:\/\/www.prevel.ca\/fr\/#\/schema\/logo\/image\/","url":"https:\/\/www.prevel.ca\/wp-content\/uploads\/icon-logo.svg","contentUrl":"https:\/\/www.prevel.ca\/wp-content\/uploads\/icon-logo.svg","width":122,"height":33,"caption":"Pr\u00e9vel"},"image":{"@id":"https:\/\/www.prevel.ca\/fr\/#\/schema\/logo\/image\/"}},{"@type":"Person","@id":"https:\/\/www.prevel.ca\/fr\/#\/schema\/person\/2a68e215fbd5494c521d1db38791f5d2","name":"Alexandra Renaud","image":{"@type":"ImageObject","inLanguage":"fr-FR","@id":"https:\/\/www.prevel.ca\/fr\/#\/schema\/person\/image\/","url":"https:\/\/secure.gravatar.com\/avatar\/66928d5c9f9c3abad752eb13b6c7342fd1ab3cb10352523371c398efaf637554?s=96&d=mm&r=g","contentUrl":"https:\/\/secure.gravatar.com\/avatar\/66928d5c9f9c3abad752eb13b6c7342fd1ab3cb10352523371c398efaf637554?s=96&d=mm&r=g","caption":"Alexandra Renaud"}}]}},"_links":{"self":[{"href":"https:\/\/www.prevel.ca\/fr\/wp-json\/wp\/v2\/posts\/1005152","targetHints":{"allow":["GET"]}}],"collection":[{"href":"https:\/\/www.prevel.ca\/fr\/wp-json\/wp\/v2\/posts"}],"about":[{"href":"https:\/\/www.prevel.ca\/fr\/wp-json\/wp\/v2\/types\/post"}],"author":[{"embeddable":true,"href":"https:\/\/www.prevel.ca\/fr\/wp-json\/wp\/v2\/users\/24"}],"replies":[{"embeddable":true,"href":"https:\/\/www.prevel.ca\/fr\/wp-json\/wp\/v2\/comments?post=1005152"}],"version-history":[{"count":0,"href":"https:\/\/www.prevel.ca\/fr\/wp-json\/wp\/v2\/posts\/1005152\/revisions"}],"wp:featuredmedia":[{"embeddable":true,"href":"https:\/\/www.prevel.ca\/fr\/wp-json\/wp\/v2\/media\/1005155"}],"wp:attachment":[{"href":"https:\/\/www.prevel.ca\/fr\/wp-json\/wp\/v2\/media?parent=1005152"}],"wp:term":[{"taxonomy":"category","embeddable":true,"href":"https:\/\/www.prevel.ca\/fr\/wp-json\/wp\/v2\/categories?post=1005152"},{"taxonomy":"post_tag","embeddable":true,"href":"https:\/\/www.prevel.ca\/fr\/wp-json\/wp\/v2\/tags?post=1005152"}],"curies":[{"name":"wp","href":"https:\/\/api.w.org\/{rel}","templated":true}]}}