{"id":1003836,"date":"2017-01-13T16:11:44","date_gmt":"2017-01-13T15:11:44","guid":{"rendered":"http:\/\/wordpress4.local\/2017\/01\/13\/deco-2017-les-7-tendances-a-suivre\/"},"modified":"2020-07-08T01:09:36","modified_gmt":"2020-07-07T23:09:36","slug":"deco-2017-les-7-tendances-a-suivre","status":"publish","type":"post","link":"https:\/\/www.prevel.ca\/fr\/blogue\/deco-2017-les-7-tendances-suivre","title":{"rendered":"D\u00e9co 2017 : les 7 tendances \u00e0 suivre"},"content":{"rendered":"\n<p>Que nous r\u00e9serve 2017 en terme de tendances d\u00e9co?<\/p>\n\n\n\n<p>Sur base de nombreuses recherches, on peut vous dire qu\u2019on va croiser beaucoup de mati\u00e8res organiques, de couleurs pastelles, de verdure, de mat\u00e9riaux nobles, etc.<\/p>\n\n\n\n<p>Sans plus attendre, voici les <strong>7 tendances d\u00e9co qui ont particuli\u00e8rement retenu notre attention<\/strong>. De quoi faire du <em>cocooning <\/em>cet hiver et une beaut\u00e9 \u00e0 votre condo!<\/p>\n\n\n\n<h3 class=\"wp-block-heading\">1. Le mur de li\u00e8ge pour une touche naturelle<\/h3>\n\n\n<figure class=\"wp-block-image image\" style=\"--ratio:66.6666666667%\"><img loading=\"lazy\" decoding=\"async\" width=\"564\" height=\"376\" src=\"https:\/\/www.prevel.ca\/wp-content\/uploads\/blog\/Mur-liege-2017-deco.jpg\" alt=\"Mur-liege-2017-deco\" class=\"wp-image-1003812\" srcset=\"https:\/\/www.prevel.ca\/wp-content\/uploads\/blog\/Mur-liege-2017-deco.jpg 564w, https:\/\/www.prevel.ca\/wp-content\/uploads\/blog\/Mur-liege-2017-deco-300x200.jpg 300w\" sizes=\"auto, (max-width: 564px) 100vw, 564px\" \/><figcaption>Photo :&nbsp;Pinterest H&amp;M<\/figcaption><\/figure>\n\n\n\n<p>Le mur de li\u00e8ge sera un \u201c<em>must to have<\/em>\u201d en 2017. En plus d\u2019\u00eatre facile \u00e0 installer, il apportera chaleur et profondeur aux pi\u00e8ces. Vous pourrez aussi y accrocher toutes vos id\u00e9es et inspirations.<\/p>\n\n\n\n<h3 class=\"wp-block-heading\">2. Le laiton pour son c\u00f4t\u00e9 industriel chic<\/h3>\n\n\n\n<p>Pour des lampes, tables ou m\u00eame des portes-manteaux, le laiton trouvera sa place un peu partout dans votre int\u00e9rieur. On l\u2019aime pour son c\u00f4t\u00e9 ancien et industriel qui se marie tr\u00e8s bien avec les int\u00e9rieurs contemporains.<\/p>\n\n\n<figure class=\"wp-block-image image\" style=\"--ratio:66.6666666667%\"><img loading=\"lazy\" decoding=\"async\" width=\"480\" height=\"320\" src=\"https:\/\/www.prevel.ca\/wp-content\/uploads\/blog\/Deco-2017-laiton-cusine.jpg\" alt=\"Deco-2017-laiton-cusine\" class=\"wp-image-1003814\" srcset=\"https:\/\/www.prevel.ca\/wp-content\/uploads\/blog\/Deco-2017-laiton-cusine.jpg 480w, https:\/\/www.prevel.ca\/wp-content\/uploads\/blog\/Deco-2017-laiton-cusine-300x200.jpg 300w\" sizes=\"auto, (max-width: 480px) 100vw, 480px\" \/><figcaption>Photo : Pinterest<\/figcaption><\/figure>\n\n\n<figure class=\"wp-block-image image\" style=\"--ratio:66.6666666667%\"><img loading=\"lazy\" decoding=\"async\" width=\"564\" height=\"376\" src=\"https:\/\/www.prevel.ca\/wp-content\/uploads\/blog\/Deco-laiton-montreal.jpg\" alt=\"Deco-laiton-montreal\" class=\"wp-image-1003816\" srcset=\"https:\/\/www.prevel.ca\/wp-content\/uploads\/blog\/Deco-laiton-montreal.jpg 564w, https:\/\/www.prevel.ca\/wp-content\/uploads\/blog\/Deco-laiton-montreal-300x200.jpg 300w\" sizes=\"auto, (max-width: 564px) 100vw, 564px\" \/><figcaption>Photo : Pinterest<\/figcaption><\/figure>\n\n\n\n<h3 class=\"wp-block-heading\">3. Le style nordique, tendance intemporelle<\/h3>\n\n\n\n<p>Au top des tendances depuis plusieurs ann\u00e9es, le look nordique continue de s\u00e9duire les amoureux de d\u00e9co \u00e9pur\u00e9e. &nbsp;En 2017, il sera port\u00e9 par des couleurs claires et pastelles rappelant la nature et le bien-\u00eatre.<\/p>\n\n\n<figure class=\"wp-block-image image\" style=\"--ratio:66.7346938776%\"><img decoding=\"async\" src=\"https:\/\/www.prevel.ca\/wp-content\/uploads\/blog\/D%C3%A9coration-nordique-scandinave-salon_0.jpg\" alt=\"Decoration-nordique-scandinave-salon\" class=\"wp-image-1003818\"\/><figcaption>Photo: myscandinavianhome.blogspot.ca<\/figcaption><\/figure>\n\n\n\n<h3 class=\"wp-block-heading\">4. Rehausser son int\u00e9rieur avec du marbre<\/h3>\n\n\n\n<p>Les mat\u00e9riaux nobles seront \u00e0 l\u2019honneur cette ann\u00e9e et tout particuli\u00e8rement le marbre. Pour des grands espaces comme des plans de travail ou alors des petits objets de d\u00e9coration, il am\u00e8nera un look \u00e9l\u00e9gant \u00e0 vos int\u00e9rieurs. On le pr\u00e9sentera sur 2 couleurs pour plus de pep!<\/p>\n\n\n<figure class=\"wp-block-image image\" style=\"--ratio:66.7346938776%\"><img loading=\"lazy\" decoding=\"async\" width=\"490\" height=\"327\" src=\"https:\/\/www.prevel.ca\/wp-content\/uploads\/blog\/Marbre-deux-tons-tendances-2017.jpg\" alt=\"Marbre-deux-tons-tendances-2017\" class=\"wp-image-1003820\" srcset=\"https:\/\/www.prevel.ca\/wp-content\/uploads\/blog\/Marbre-deux-tons-tendances-2017.jpg 490w, https:\/\/www.prevel.ca\/wp-content\/uploads\/blog\/Marbre-deux-tons-tendances-2017-300x200.jpg 300w\" sizes=\"auto, (max-width: 490px) 100vw, 490px\" \/><figcaption>Photo : myunfinishedhome.com<\/figcaption><\/figure>\n\n\n<figure class=\"wp-block-image image\" style=\"--ratio:66.6666666667%\"><img loading=\"lazy\" decoding=\"async\" width=\"564\" height=\"376\" src=\"https:\/\/www.prevel.ca\/wp-content\/uploads\/blog\/Tendance-deco-marbre.jpg\" alt=\"Tendance-deco-marbre\" class=\"wp-image-1003822\" srcset=\"https:\/\/www.prevel.ca\/wp-content\/uploads\/blog\/Tendance-deco-marbre.jpg 564w, https:\/\/www.prevel.ca\/wp-content\/uploads\/blog\/Tendance-deco-marbre-300x200.jpg 300w\" sizes=\"auto, (max-width: 564px) 100vw, 564px\" \/><figcaption>Photo :&nbsp;Hello Blogzine via Pinterest<\/figcaption><\/figure>\n\n\n\n<h3 class=\"wp-block-heading\">5. Des int\u00e9rieurs plus verts que jamais &nbsp;<\/h3>\n\n\n\n<p>Jardin d\u2019hiver, mur v\u00e9g\u00e9tal, plante suspendue, il y en a pour tous les go\u00fbts! En 2017, on cherche l\u2019apaisement, les mat\u00e9riaux naturels, le bien-\u00eatre et les plantes auront d\u00e9finitivement la part belle dans les int\u00e9rieurs!<\/p>\n\n\n<figure class=\"wp-block-image image\" style=\"--ratio:66.6666666667%\"><img loading=\"lazy\" decoding=\"async\" width=\"600\" height=\"400\" src=\"https:\/\/www.prevel.ca\/wp-content\/uploads\/blog\/jardin-d-hiver-peint-en-vert_5754817.jpg\" alt=\"jardin-d-hiver-peint-en-vert\" class=\"wp-image-1003824\" srcset=\"https:\/\/www.prevel.ca\/wp-content\/uploads\/blog\/jardin-d-hiver-peint-en-vert_5754817.jpg 600w, https:\/\/www.prevel.ca\/wp-content\/uploads\/blog\/jardin-d-hiver-peint-en-vert_5754817-300x200.jpg 300w\" sizes=\"auto, (max-width: 600px) 100vw, 600px\" \/><figcaption>Photo :&nbsp;Dulux Valentine<\/figcaption><\/figure>\n\n\n<figure class=\"wp-block-image image\" style=\"--ratio:66.7296786389%\"><img loading=\"lazy\" decoding=\"async\" width=\"529\" height=\"353\" src=\"https:\/\/www.prevel.ca\/wp-content\/uploads\/blog\/plante-verte-suspendue-deco.jpg\" alt=\"plante-verte-suspendue-deco\" class=\"wp-image-1003826\" srcset=\"https:\/\/www.prevel.ca\/wp-content\/uploads\/blog\/plante-verte-suspendue-deco.jpg 529w, https:\/\/www.prevel.ca\/wp-content\/uploads\/blog\/plante-verte-suspendue-deco-300x200.jpg 300w\" sizes=\"auto, (max-width: 529px) 100vw, 529px\" \/><figcaption>Photo :&nbsp;sfgirlbybay \/ victoria smith via Pinterest<\/figcaption><\/figure>\n\n\n\n<h3 class=\"wp-block-heading\">6. Les \u00e9tag\u00e8res de bois en caisses de vin recycl\u00e9es<\/h3>\n\n\n\n<p>On pensera \u00e9galement DIY (\u201c<em>do it yourself<\/em>\u201d)en recyclant de vieilles caisses de bouteilles de vin pour en faire des superbes \u00e9tag\u00e8res et meubles. Tr\u00e8s faciles \u00e0 <em>customiser<\/em> et \u00e0 utiliser, elles deviendront un incontournable de votre d\u00e9coration en 2017.<\/p>\n\n\n<figure class=\"wp-block-image image\" style=\"--ratio:66.6666666667%\"><img loading=\"lazy\" decoding=\"async\" width=\"564\" height=\"376\" src=\"https:\/\/www.prevel.ca\/wp-content\/uploads\/blog\/Caisse-vin-recycle-deco.jpg\" alt=\"Caisse-vin-recycle-deco\" class=\"wp-image-1003828\" srcset=\"https:\/\/www.prevel.ca\/wp-content\/uploads\/blog\/Caisse-vin-recycle-deco.jpg 564w, https:\/\/www.prevel.ca\/wp-content\/uploads\/blog\/Caisse-vin-recycle-deco-300x200.jpg 300w\" sizes=\"auto, (max-width: 564px) 100vw, 564px\" \/><figcaption>Photo :&nbsp;liliinwonderland.fr via pinterest<\/figcaption><\/figure>\n\n\n<figure class=\"wp-block-image image\" style=\"--ratio:66.6666666667%\"><img loading=\"lazy\" decoding=\"async\" width=\"564\" height=\"376\" src=\"https:\/\/www.prevel.ca\/wp-content\/uploads\/blog\/Mur-liege-2017-deco_0.jpg\" alt=\"Mur-liege-2017-deco\" class=\"wp-image-1003830\" srcset=\"https:\/\/www.prevel.ca\/wp-content\/uploads\/blog\/Mur-liege-2017-deco_0.jpg 564w, https:\/\/www.prevel.ca\/wp-content\/uploads\/blog\/Mur-liege-2017-deco_0-300x200.jpg 300w\" sizes=\"auto, (max-width: 564px) 100vw, 564px\" \/><figcaption>Photo :&nbsp;Marie Claire Maison via Pinterest<\/figcaption><\/figure>\n\n\n\n<h3 class=\"wp-block-heading\">7. Les luminaires minimalistes<\/h3>\n\n\n\n<p>Table rase sur les &nbsp;gros luminaires pour faire place aux luminaires simples et \u00e9pur\u00e9s. Des id\u00e9es \u00e0 suspendre ou \u00e0 d\u00e9poser.<\/p>\n\n\n<figure class=\"wp-block-image image\" style=\"--ratio:66.6666666667%\"><img loading=\"lazy\" decoding=\"async\" width=\"564\" height=\"376\" src=\"https:\/\/www.prevel.ca\/wp-content\/uploads\/blog\/Luminaire-deco-2017.jpg\" alt=\"Luminaire-deco-2017\" class=\"wp-image-1003832\" srcset=\"https:\/\/www.prevel.ca\/wp-content\/uploads\/blog\/Luminaire-deco-2017.jpg 564w, https:\/\/www.prevel.ca\/wp-content\/uploads\/blog\/Luminaire-deco-2017-300x200.jpg 300w\" sizes=\"auto, (max-width: 564px) 100vw, 564px\" \/><figcaption>Photo :&nbsp;gravityhomeblog.com<\/figcaption><\/figure>\n\n\n<figure class=\"wp-block-image image\" style=\"--ratio:66.7346938776%\"><img loading=\"lazy\" decoding=\"async\" width=\"490\" height=\"327\" src=\"https:\/\/www.prevel.ca\/wp-content\/uploads\/blog\/Luminaire-decoration-montreal.jpg\" alt=\"Luminaire-decoration-montreal\" class=\"wp-image-1003834\" srcset=\"https:\/\/www.prevel.ca\/wp-content\/uploads\/blog\/Luminaire-decoration-montreal.jpg 490w, https:\/\/www.prevel.ca\/wp-content\/uploads\/blog\/Luminaire-decoration-montreal-300x200.jpg 300w\" sizes=\"auto, (max-width: 490px) 100vw, 490px\" \/><figcaption>Photo :&nbsp;Muamur via Pinterest<\/figcaption><\/figure>\n","protected":false},"excerpt":{"rendered":"<p>Que nous r\u00e9serve 2017 en terme de tendances d\u00e9co? Sur base de nombreuses recherches, on peut vous dire qu\u2019on va croiser beaucoup de mati\u00e8res organiques, de couleurs pastelles, de verdure, de mat\u00e9riaux nobles, etc. Sans plus attendre, voici les 7 tendances d\u00e9co qui ont particuli\u00e8rement retenu notre attention. De quoi faire du cocooning cet hiver&hellip;<\/p>\n","protected":false},"author":24,"featured_media":1003839,"comment_status":"open","ping_status":"open","sticky":false,"template":"","format":"standard","meta":{"_acf_changed":false,"_editorskit_title_hidden":false,"_editorskit_reading_time":0,"_editorskit_is_block_options_detached":false,"_editorskit_block_options_position":"{}","footnotes":""},"categories":[1],"tags":[],"class_list":["post-1003836","post","type-post","status-publish","format-standard","has-post-thumbnail","hentry","category-non-classifiee"],"acf":[],"yoast_head":"<!-- This site is optimized with the Yoast SEO plugin v26.5 - https:\/\/yoast.com\/wordpress\/plugins\/seo\/ -->\n<title>D\u00e9co 2017 : les 7 tendances \u00e0 suivre - Pr\u00e9vel<\/title>\n<meta name=\"description\" content=\"Les 7 tendances d\u00e9co que l\u2019on retrouvera partout en 2017. Id\u00e9ales pour votre condo.\" \/>\n<meta name=\"robots\" content=\"index, follow, max-snippet:-1, max-image-preview:large, max-video-preview:-1\" \/>\n<link rel=\"canonical\" href=\"https:\/\/www.prevel.ca\/fr\/blogue\/deco-2017-les-7-tendances-suivre\" \/>\n<meta property=\"og:locale\" content=\"fr_FR\" \/>\n<meta property=\"og:type\" content=\"article\" \/>\n<meta property=\"og:title\" content=\"D\u00e9co 2017 : les 7 tendances \u00e0 suivre - Pr\u00e9vel\" \/>\n<meta property=\"og:description\" content=\"Les 7 tendances d\u00e9co que l\u2019on retrouvera partout en 2017. Id\u00e9ales pour votre condo.\" \/>\n<meta property=\"og:url\" content=\"https:\/\/www.prevel.ca\/fr\/blogue\/deco-2017-les-7-tendances-suivre\" \/>\n<meta property=\"og:site_name\" content=\"Pr\u00e9vel\" \/>\n<meta property=\"article:published_time\" content=\"2017-01-13T15:11:44+00:00\" \/>\n<meta property=\"article:modified_time\" content=\"2020-07-07T23:09:36+00:00\" \/>\n<meta property=\"og:image\" content=\"https:\/\/www.prevel.ca\/wp-content\/uploads\/field\/image\/miniature-1.jpg\" \/>\n\t<meta property=\"og:image:width\" content=\"318\" \/>\n\t<meta property=\"og:image:height\" content=\"311\" \/>\n\t<meta property=\"og:image:type\" content=\"image\/jpeg\" \/>\n<meta name=\"author\" content=\"Alexandra Renaud\" \/>\n<meta name=\"twitter:card\" content=\"summary_large_image\" \/>\n<meta name=\"twitter:label1\" content=\"\u00c9crit par\" \/>\n\t<meta name=\"twitter:data1\" content=\"Alexandra Renaud\" \/>\n\t<meta name=\"twitter:label2\" content=\"Dur\u00e9e de lecture estim\u00e9e\" \/>\n\t<meta name=\"twitter:data2\" content=\"2 minutes\" \/>\n<script type=\"application\/ld+json\" class=\"yoast-schema-graph\">{\"@context\":\"https:\/\/schema.org\",\"@graph\":[{\"@type\":\"Article\",\"@id\":\"https:\/\/www.prevel.ca\/fr\/blogue\/deco-2017-les-7-tendances-suivre#article\",\"isPartOf\":{\"@id\":\"https:\/\/www.prevel.ca\/fr\/blogue\/deco-2017-les-7-tendances-suivre\"},\"author\":{\"name\":\"Alexandra Renaud\",\"@id\":\"https:\/\/www.prevel.ca\/fr\/#\/schema\/person\/2a68e215fbd5494c521d1db38791f5d2\"},\"headline\":\"D\u00e9co 2017 : les 7 tendances \u00e0 suivre\",\"datePublished\":\"2017-01-13T15:11:44+00:00\",\"dateModified\":\"2020-07-07T23:09:36+00:00\",\"mainEntityOfPage\":{\"@id\":\"https:\/\/www.prevel.ca\/fr\/blogue\/deco-2017-les-7-tendances-suivre\"},\"wordCount\":454,\"commentCount\":0,\"publisher\":{\"@id\":\"https:\/\/www.prevel.ca\/fr\/#organization\"},\"image\":{\"@id\":\"https:\/\/www.prevel.ca\/fr\/blogue\/deco-2017-les-7-tendances-suivre#primaryimage\"},\"thumbnailUrl\":\"https:\/\/www.prevel.ca\/wp-content\/uploads\/field\/image\/miniature-1.jpg\",\"articleSection\":[\"Non classifi\u00e9(e)\"],\"inLanguage\":\"fr-FR\",\"potentialAction\":[{\"@type\":\"CommentAction\",\"name\":\"Comment\",\"target\":[\"https:\/\/www.prevel.ca\/fr\/blogue\/deco-2017-les-7-tendances-suivre#respond\"]}]},{\"@type\":\"WebPage\",\"@id\":\"https:\/\/www.prevel.ca\/fr\/blogue\/deco-2017-les-7-tendances-suivre\",\"url\":\"https:\/\/www.prevel.ca\/fr\/blogue\/deco-2017-les-7-tendances-suivre\",\"name\":\"D\u00e9co 2017 : les 7 tendances \u00e0 suivre - Pr\u00e9vel\",\"isPartOf\":{\"@id\":\"https:\/\/www.prevel.ca\/fr\/#website\"},\"primaryImageOfPage\":{\"@id\":\"https:\/\/www.prevel.ca\/fr\/blogue\/deco-2017-les-7-tendances-suivre#primaryimage\"},\"image\":{\"@id\":\"https:\/\/www.prevel.ca\/fr\/blogue\/deco-2017-les-7-tendances-suivre#primaryimage\"},\"thumbnailUrl\":\"https:\/\/www.prevel.ca\/wp-content\/uploads\/field\/image\/miniature-1.jpg\",\"datePublished\":\"2017-01-13T15:11:44+00:00\",\"dateModified\":\"2020-07-07T23:09:36+00:00\",\"description\":\"Les 7 tendances d\u00e9co que l\u2019on retrouvera partout en 2017. Id\u00e9ales pour votre condo.\",\"breadcrumb\":{\"@id\":\"https:\/\/www.prevel.ca\/fr\/blogue\/deco-2017-les-7-tendances-suivre#breadcrumb\"},\"inLanguage\":\"fr-FR\",\"potentialAction\":[{\"@type\":\"ReadAction\",\"target\":[\"https:\/\/www.prevel.ca\/fr\/blogue\/deco-2017-les-7-tendances-suivre\"]}]},{\"@type\":\"ImageObject\",\"inLanguage\":\"fr-FR\",\"@id\":\"https:\/\/www.prevel.ca\/fr\/blogue\/deco-2017-les-7-tendances-suivre#primaryimage\",\"url\":\"https:\/\/www.prevel.ca\/wp-content\/uploads\/field\/image\/miniature-1.jpg\",\"contentUrl\":\"https:\/\/www.prevel.ca\/wp-content\/uploads\/field\/image\/miniature-1.jpg\",\"width\":318,\"height\":311,\"caption\":\"miniature (1)\"},{\"@type\":\"BreadcrumbList\",\"@id\":\"https:\/\/www.prevel.ca\/fr\/blogue\/deco-2017-les-7-tendances-suivre#breadcrumb\",\"itemListElement\":[{\"@type\":\"ListItem\",\"position\":1,\"name\":\"Home\",\"item\":\"https:\/\/www.prevel.ca\/fr\"},{\"@type\":\"ListItem\",\"position\":2,\"name\":\"D\u00e9co 2017 : les 7 tendances \u00e0 suivre\"}]},{\"@type\":\"WebSite\",\"@id\":\"https:\/\/www.prevel.ca\/fr\/#website\",\"url\":\"https:\/\/www.prevel.ca\/fr\/\",\"name\":\"Pr\u00e9vel\",\"description\":\"\",\"publisher\":{\"@id\":\"https:\/\/www.prevel.ca\/fr\/#organization\"},\"potentialAction\":[{\"@type\":\"SearchAction\",\"target\":{\"@type\":\"EntryPoint\",\"urlTemplate\":\"https:\/\/www.prevel.ca\/fr\/?s={search_term_string}\"},\"query-input\":{\"@type\":\"PropertyValueSpecification\",\"valueRequired\":true,\"valueName\":\"search_term_string\"}}],\"inLanguage\":\"fr-FR\"},{\"@type\":\"Organization\",\"@id\":\"https:\/\/www.prevel.ca\/fr\/#organization\",\"name\":\"Pr\u00e9vel\",\"url\":\"https:\/\/www.prevel.ca\/fr\/\",\"logo\":{\"@type\":\"ImageObject\",\"inLanguage\":\"fr-FR\",\"@id\":\"https:\/\/www.prevel.ca\/fr\/#\/schema\/logo\/image\/\",\"url\":\"https:\/\/www.prevel.ca\/wp-content\/uploads\/icon-logo.svg\",\"contentUrl\":\"https:\/\/www.prevel.ca\/wp-content\/uploads\/icon-logo.svg\",\"width\":122,\"height\":33,\"caption\":\"Pr\u00e9vel\"},\"image\":{\"@id\":\"https:\/\/www.prevel.ca\/fr\/#\/schema\/logo\/image\/\"}},{\"@type\":\"Person\",\"@id\":\"https:\/\/www.prevel.ca\/fr\/#\/schema\/person\/2a68e215fbd5494c521d1db38791f5d2\",\"name\":\"Alexandra Renaud\",\"image\":{\"@type\":\"ImageObject\",\"inLanguage\":\"fr-FR\",\"@id\":\"https:\/\/www.prevel.ca\/fr\/#\/schema\/person\/image\/\",\"url\":\"https:\/\/secure.gravatar.com\/avatar\/66928d5c9f9c3abad752eb13b6c7342fd1ab3cb10352523371c398efaf637554?s=96&d=mm&r=g\",\"contentUrl\":\"https:\/\/secure.gravatar.com\/avatar\/66928d5c9f9c3abad752eb13b6c7342fd1ab3cb10352523371c398efaf637554?s=96&d=mm&r=g\",\"caption\":\"Alexandra Renaud\"}}]}<\/script>\n<!-- \/ Yoast SEO plugin. -->","yoast_head_json":{"title":"D\u00e9co 2017 : les 7 tendances \u00e0 suivre - Pr\u00e9vel","description":"Les 7 tendances d\u00e9co que l\u2019on retrouvera partout en 2017. Id\u00e9ales pour votre condo.","robots":{"index":"index","follow":"follow","max-snippet":"max-snippet:-1","max-image-preview":"max-image-preview:large","max-video-preview":"max-video-preview:-1"},"canonical":"https:\/\/www.prevel.ca\/fr\/blogue\/deco-2017-les-7-tendances-suivre","og_locale":"fr_FR","og_type":"article","og_title":"D\u00e9co 2017 : les 7 tendances \u00e0 suivre - Pr\u00e9vel","og_description":"Les 7 tendances d\u00e9co que l\u2019on retrouvera partout en 2017. Id\u00e9ales pour votre condo.","og_url":"https:\/\/www.prevel.ca\/fr\/blogue\/deco-2017-les-7-tendances-suivre","og_site_name":"Pr\u00e9vel","article_published_time":"2017-01-13T15:11:44+00:00","article_modified_time":"2020-07-07T23:09:36+00:00","og_image":[{"width":318,"height":311,"url":"https:\/\/www.prevel.ca\/wp-content\/uploads\/field\/image\/miniature-1.jpg","type":"image\/jpeg"}],"author":"Alexandra Renaud","twitter_card":"summary_large_image","twitter_misc":{"\u00c9crit par":"Alexandra Renaud","Dur\u00e9e de lecture estim\u00e9e":"2 minutes"},"schema":{"@context":"https:\/\/schema.org","@graph":[{"@type":"Article","@id":"https:\/\/www.prevel.ca\/fr\/blogue\/deco-2017-les-7-tendances-suivre#article","isPartOf":{"@id":"https:\/\/www.prevel.ca\/fr\/blogue\/deco-2017-les-7-tendances-suivre"},"author":{"name":"Alexandra Renaud","@id":"https:\/\/www.prevel.ca\/fr\/#\/schema\/person\/2a68e215fbd5494c521d1db38791f5d2"},"headline":"D\u00e9co 2017 : les 7 tendances \u00e0 suivre","datePublished":"2017-01-13T15:11:44+00:00","dateModified":"2020-07-07T23:09:36+00:00","mainEntityOfPage":{"@id":"https:\/\/www.prevel.ca\/fr\/blogue\/deco-2017-les-7-tendances-suivre"},"wordCount":454,"commentCount":0,"publisher":{"@id":"https:\/\/www.prevel.ca\/fr\/#organization"},"image":{"@id":"https:\/\/www.prevel.ca\/fr\/blogue\/deco-2017-les-7-tendances-suivre#primaryimage"},"thumbnailUrl":"https:\/\/www.prevel.ca\/wp-content\/uploads\/field\/image\/miniature-1.jpg","articleSection":["Non classifi\u00e9(e)"],"inLanguage":"fr-FR","potentialAction":[{"@type":"CommentAction","name":"Comment","target":["https:\/\/www.prevel.ca\/fr\/blogue\/deco-2017-les-7-tendances-suivre#respond"]}]},{"@type":"WebPage","@id":"https:\/\/www.prevel.ca\/fr\/blogue\/deco-2017-les-7-tendances-suivre","url":"https:\/\/www.prevel.ca\/fr\/blogue\/deco-2017-les-7-tendances-suivre","name":"D\u00e9co 2017 : les 7 tendances \u00e0 suivre - Pr\u00e9vel","isPartOf":{"@id":"https:\/\/www.prevel.ca\/fr\/#website"},"primaryImageOfPage":{"@id":"https:\/\/www.prevel.ca\/fr\/blogue\/deco-2017-les-7-tendances-suivre#primaryimage"},"image":{"@id":"https:\/\/www.prevel.ca\/fr\/blogue\/deco-2017-les-7-tendances-suivre#primaryimage"},"thumbnailUrl":"https:\/\/www.prevel.ca\/wp-content\/uploads\/field\/image\/miniature-1.jpg","datePublished":"2017-01-13T15:11:44+00:00","dateModified":"2020-07-07T23:09:36+00:00","description":"Les 7 tendances d\u00e9co que l\u2019on retrouvera partout en 2017. Id\u00e9ales pour votre condo.","breadcrumb":{"@id":"https:\/\/www.prevel.ca\/fr\/blogue\/deco-2017-les-7-tendances-suivre#breadcrumb"},"inLanguage":"fr-FR","potentialAction":[{"@type":"ReadAction","target":["https:\/\/www.prevel.ca\/fr\/blogue\/deco-2017-les-7-tendances-suivre"]}]},{"@type":"ImageObject","inLanguage":"fr-FR","@id":"https:\/\/www.prevel.ca\/fr\/blogue\/deco-2017-les-7-tendances-suivre#primaryimage","url":"https:\/\/www.prevel.ca\/wp-content\/uploads\/field\/image\/miniature-1.jpg","contentUrl":"https:\/\/www.prevel.ca\/wp-content\/uploads\/field\/image\/miniature-1.jpg","width":318,"height":311,"caption":"miniature (1)"},{"@type":"BreadcrumbList","@id":"https:\/\/www.prevel.ca\/fr\/blogue\/deco-2017-les-7-tendances-suivre#breadcrumb","itemListElement":[{"@type":"ListItem","position":1,"name":"Home","item":"https:\/\/www.prevel.ca\/fr"},{"@type":"ListItem","position":2,"name":"D\u00e9co 2017 : les 7 tendances \u00e0 suivre"}]},{"@type":"WebSite","@id":"https:\/\/www.prevel.ca\/fr\/#website","url":"https:\/\/www.prevel.ca\/fr\/","name":"Pr\u00e9vel","description":"","publisher":{"@id":"https:\/\/www.prevel.ca\/fr\/#organization"},"potentialAction":[{"@type":"SearchAction","target":{"@type":"EntryPoint","urlTemplate":"https:\/\/www.prevel.ca\/fr\/?s={search_term_string}"},"query-input":{"@type":"PropertyValueSpecification","valueRequired":true,"valueName":"search_term_string"}}],"inLanguage":"fr-FR"},{"@type":"Organization","@id":"https:\/\/www.prevel.ca\/fr\/#organization","name":"Pr\u00e9vel","url":"https:\/\/www.prevel.ca\/fr\/","logo":{"@type":"ImageObject","inLanguage":"fr-FR","@id":"https:\/\/www.prevel.ca\/fr\/#\/schema\/logo\/image\/","url":"https:\/\/www.prevel.ca\/wp-content\/uploads\/icon-logo.svg","contentUrl":"https:\/\/www.prevel.ca\/wp-content\/uploads\/icon-logo.svg","width":122,"height":33,"caption":"Pr\u00e9vel"},"image":{"@id":"https:\/\/www.prevel.ca\/fr\/#\/schema\/logo\/image\/"}},{"@type":"Person","@id":"https:\/\/www.prevel.ca\/fr\/#\/schema\/person\/2a68e215fbd5494c521d1db38791f5d2","name":"Alexandra Renaud","image":{"@type":"ImageObject","inLanguage":"fr-FR","@id":"https:\/\/www.prevel.ca\/fr\/#\/schema\/person\/image\/","url":"https:\/\/secure.gravatar.com\/avatar\/66928d5c9f9c3abad752eb13b6c7342fd1ab3cb10352523371c398efaf637554?s=96&d=mm&r=g","contentUrl":"https:\/\/secure.gravatar.com\/avatar\/66928d5c9f9c3abad752eb13b6c7342fd1ab3cb10352523371c398efaf637554?s=96&d=mm&r=g","caption":"Alexandra Renaud"}}]}},"_links":{"self":[{"href":"https:\/\/www.prevel.ca\/fr\/wp-json\/wp\/v2\/posts\/1003836","targetHints":{"allow":["GET"]}}],"collection":[{"href":"https:\/\/www.prevel.ca\/fr\/wp-json\/wp\/v2\/posts"}],"about":[{"href":"https:\/\/www.prevel.ca\/fr\/wp-json\/wp\/v2\/types\/post"}],"author":[{"embeddable":true,"href":"https:\/\/www.prevel.ca\/fr\/wp-json\/wp\/v2\/users\/24"}],"replies":[{"embeddable":true,"href":"https:\/\/www.prevel.ca\/fr\/wp-json\/wp\/v2\/comments?post=1003836"}],"version-history":[{"count":0,"href":"https:\/\/www.prevel.ca\/fr\/wp-json\/wp\/v2\/posts\/1003836\/revisions"}],"wp:featuredmedia":[{"embeddable":true,"href":"https:\/\/www.prevel.ca\/fr\/wp-json\/wp\/v2\/media\/1003839"}],"wp:attachment":[{"href":"https:\/\/www.prevel.ca\/fr\/wp-json\/wp\/v2\/media?parent=1003836"}],"wp:term":[{"taxonomy":"category","embeddable":true,"href":"https:\/\/www.prevel.ca\/fr\/wp-json\/wp\/v2\/categories?post=1003836"},{"taxonomy":"post_tag","embeddable":true,"href":"https:\/\/www.prevel.ca\/fr\/wp-json\/wp\/v2\/tags?post=1003836"}],"curies":[{"name":"wp","href":"https:\/\/api.w.org\/{rel}","templated":true}]}}