{"id":1000411,"date":"2012-03-01T19:19:57","date_gmt":"2012-03-01T18:19:57","guid":{"rendered":"http:\/\/wordpress4.local\/2012\/03\/01\/lart-dhabiller-vos-fenetres\/"},"modified":"2020-07-08T01:36:52","modified_gmt":"2020-07-07T23:36:52","slug":"lart-dhabiller-vos-fenetres","status":"publish","type":"post","link":"https:\/\/www.prevel.ca\/fr\/blogue\/lart-dhabiller-vos-fenetres","title":{"rendered":"L\u2019art d\u2019habiller vos fen\u00eatres"},"content":{"rendered":"\n<p class=\"wp-block-paragraph\">Vous d\u00e9m\u00e9nagez et vous constatez que vos stores ou rideaux actuels ne pourront \u00eatre r\u00e9utilis\u00e9s dans votre nouvel appartement : trop courts, trop \u00e9troits, ab\u00eem\u00e9s par le soleil ou encore d\u00e9finitivement plus dans l\u2019air du temps! Vous r\u00e9alisez donc que vous ne pourrez pas vivre tr\u00e8s longtemps avec des draps sur vos fen\u00eatres qui feront office de rideaux pour \u00e9chapper aux regards de vos voisins d\u2019en face ou pour vous cacher du soleil \u00e9blouissant \u00e0 6 heures du matin?<\/p>\n\n\n\n<p class=\"wp-block-paragraph\">Il est souvent compliqu\u00e9 de choisir les bons ornements pour nos fen\u00eatres car il faut tenir compte de plusieurs facteurs pratiques \u00e9vidents, notamment : son budget, l\u2019esth\u00e9tique de la pi\u00e8ce, l\u2019intimit\u00e9 (pr\u00e9sence d\u2019un vis \u00e0 vis), le niveau de lumi\u00e8re et d\u2019ensoleillement direct, la mani\u00e8re dont s\u2019ouvrent vos fen\u00eatres&#8230;<\/p>\n\n\n\n<!--more-->\n\n\n\n<p class=\"wp-block-paragraph\">Je vous parle en connaissance de cause puisque je consid\u00e8re moi-m\u00eame tous ces \u00e9l\u00e9ments pour habiller les fen\u00eatres de mon futur condo. Je me suis rendue compte que plus je consulte les magazines de d\u00e9coration pour m\u2019inspirer, moins il est facile de faire un choix! Apr\u00e8s tout, cet exercice ne peut \u00eatre pris \u00e0 la l\u00e9g\u00e8re, comme on le fait en jetant un coup d&rsquo;oeil dans le placard pour trouver un v\u00eatement qui convient \u00e0 notre \u00e9tat d\u2019\u00e2me du moment. Et bien non! V\u00eatir des fen\u00eatres implique qu\u2019il faut leur choisir un seul v\u00eatement qu\u2019elles porteront pendant 10 ans\u2026 au moins!<\/p>\n\n\n\n<p class=\"wp-block-paragraph\">L\u2019habillage des fen\u00eatres est donc un \u00e9l\u00e9ment d\u2019importance capitale qu\u2019il ne faut pas n\u00e9gliger et que l\u2019on doit consid\u00e9rer comme un investissement essentiel. L\u2019id\u00e9e de faire appel \u00e0 un professionnel ne m\u2019\u00e9tait jamais pass\u00e9e \u00e0 l\u2019esprit (croyance pr\u00e9-con\u00e7ue que ce soit hors de mes moyens) jusqu\u2019au jour ou un ami m\u2019a parl\u00e9 de la compagnie <a href=\"http:\/\/www.decobiaritz.com\/\" target=\"_blank\" rel=\"noopener noreferrer\"><span style=\"text-decoration: underline;\"><strong>BIARITZ<\/strong><\/span><\/a>, sp\u00e9cialiste en habillage de fen\u00eatres, qui a non seulement trouv\u00e9 chaussure \u00e0 mon pied (tout en respectant mon budget) mais qui m\u2019a aussi \u00e9t\u00e9 d\u2019une aide pr\u00e9cieuse pour faire des choix judicieux. En effet, lorsque le repr\u00e9sentant s\u2019est pr\u00e9sent\u00e9 chez moi (consultation gratuite) pour me proposer une s\u00e9lection de rideaux en toile, en soie ou en lin, \u00e0 pinces ou \u00e0 plis fran\u00e7ais, des stores en bois ou en voilage (pliss\u00e9es, romain ou \u00e0 rouleaux), persiennes avec ou sans cordon, avec ou sans cantonni\u00e8res et qu\u2019apr\u00e8s avoir compris mes go\u00fbts et mes besoins, ce n\u2019est qu\u2019\u00e0 partir de ce moment que j\u2019ai pu trouver exactement ce qui me convenait. Pour quelqu\u2019un comme moi qui est parfois ind\u00e9cise devant une trop grande panoplie, cela devient beaucoup plus facile de faire un choix bien avis\u00e9.<\/p>\n\n\n\n<p class=\"wp-block-paragraph\">Comme les yeux sont le miroir de l\u2019\u00e2me, les fen\u00eatres mettent en valeur l\u2019\u00e2me de notre appartement : ce sont des ouvertures \u00e0 la lumi\u00e8re et au monde ext\u00e9rieur!<\/p>\n\n\n\n<p class=\"wp-block-paragraph\">\u00c0 vous de voir!<\/p>\n","protected":false},"excerpt":{"rendered":"<p>Vous d\u00e9m\u00e9nagez et vous constatez que vos stores ou rideaux actuels ne pourront \u00eatre r\u00e9utilis\u00e9s dans votre nouvel appartement : trop courts, trop \u00e9troits, ab\u00eem\u00e9s par le soleil ou encore d\u00e9finitivement plus dans l\u2019air du temps!<\/p>\n","protected":false},"author":30,"featured_media":1000412,"comment_status":"open","ping_status":"open","sticky":false,"template":"","format":"standard","meta":{"_acf_changed":false,"_editorskit_title_hidden":false,"_editorskit_reading_time":0,"_editorskit_is_block_options_detached":false,"_editorskit_block_options_position":"{}","footnotes":""},"categories":[1],"tags":[],"class_list":["post-1000411","post","type-post","status-publish","format-standard","has-post-thumbnail","hentry","category-non-classifiee"],"acf":[],"yoast_head":"<!-- This site is optimized with the Yoast SEO plugin v27.6 - https:\/\/yoast.com\/product\/yoast-seo-wordpress\/ -->\n<title>L\u2019art d\u2019habiller vos fen\u00eatres - Pr\u00e9vel<\/title>\n<meta name=\"robots\" content=\"index, follow, max-snippet:-1, max-image-preview:large, max-video-preview:-1\" \/>\n<link rel=\"canonical\" href=\"https:\/\/www.prevel.ca\/fr\/blogue\/lart-dhabiller-vos-fenetres\" \/>\n<meta property=\"og:locale\" content=\"fr_FR\" \/>\n<meta property=\"og:type\" content=\"article\" \/>\n<meta property=\"og:title\" content=\"L\u2019art d\u2019habiller vos fen\u00eatres - Pr\u00e9vel\" \/>\n<meta property=\"og:description\" content=\"Vous d\u00e9m\u00e9nagez et vous constatez que vos stores ou rideaux actuels ne pourront \u00eatre r\u00e9utilis\u00e9s dans votre nouvel appartement : trop courts, trop \u00e9troits, ab\u00eem\u00e9s par le soleil ou encore d\u00e9finitivement plus dans l\u2019air du temps!\" \/>\n<meta property=\"og:url\" content=\"https:\/\/www.prevel.ca\/fr\/blogue\/lart-dhabiller-vos-fenetres\" \/>\n<meta property=\"og:site_name\" content=\"Pr\u00e9vel\" \/>\n<meta property=\"article:published_time\" content=\"2012-03-01T18:19:57+00:00\" \/>\n<meta property=\"article:modified_time\" content=\"2020-07-07T23:36:52+00:00\" \/>\n<meta property=\"og:image\" content=\"https:\/\/www.prevel.ca\/wp-content\/uploads\/blog\/2012-03-01-biaritz.jpg\" \/>\n\t<meta property=\"og:image:width\" content=\"725\" \/>\n\t<meta property=\"og:image:height\" content=\"225\" \/>\n\t<meta property=\"og:image:type\" content=\"image\/jpeg\" \/>\n<meta name=\"author\" content=\"Vanessa Perez\" \/>\n<meta name=\"twitter:card\" content=\"summary_large_image\" \/>\n<meta name=\"twitter:label1\" content=\"\u00c9crit par\" \/>\n\t<meta name=\"twitter:data1\" content=\"Vanessa Perez\" \/>\n\t<meta name=\"twitter:label2\" content=\"Dur\u00e9e de lecture estim\u00e9e\" \/>\n\t<meta name=\"twitter:data2\" content=\"3 minutes\" \/>\n<script type=\"application\/ld+json\" class=\"yoast-schema-graph\">{\"@context\":\"https:\\\/\\\/schema.org\",\"@graph\":[{\"@type\":\"Article\",\"@id\":\"https:\\\/\\\/www.prevel.ca\\\/fr\\\/blogue\\\/lart-dhabiller-vos-fenetres#article\",\"isPartOf\":{\"@id\":\"https:\\\/\\\/www.prevel.ca\\\/fr\\\/blogue\\\/lart-dhabiller-vos-fenetres\"},\"author\":{\"name\":\"Vanessa Perez\",\"@id\":\"https:\\\/\\\/www.prevel.ca\\\/fr\\\/#\\\/schema\\\/person\\\/8b8bf446b61061abce50e5f01177ce33\"},\"headline\":\"L\u2019art d\u2019habiller vos fen\u00eatres\",\"datePublished\":\"2012-03-01T18:19:57+00:00\",\"dateModified\":\"2020-07-07T23:36:52+00:00\",\"mainEntityOfPage\":{\"@id\":\"https:\\\/\\\/www.prevel.ca\\\/fr\\\/blogue\\\/lart-dhabiller-vos-fenetres\"},\"wordCount\":523,\"commentCount\":0,\"publisher\":{\"@id\":\"https:\\\/\\\/www.prevel.ca\\\/fr\\\/#organization\"},\"image\":{\"@id\":\"https:\\\/\\\/www.prevel.ca\\\/fr\\\/blogue\\\/lart-dhabiller-vos-fenetres#primaryimage\"},\"thumbnailUrl\":\"https:\\\/\\\/www.prevel.ca\\\/wp-content\\\/uploads\\\/blog\\\/2012-03-01-biaritz.jpg\",\"articleSection\":[\"Non classifi\u00e9(e)\"],\"inLanguage\":\"fr-FR\",\"potentialAction\":[{\"@type\":\"CommentAction\",\"name\":\"Comment\",\"target\":[\"https:\\\/\\\/www.prevel.ca\\\/fr\\\/blogue\\\/lart-dhabiller-vos-fenetres#respond\"]}]},{\"@type\":\"WebPage\",\"@id\":\"https:\\\/\\\/www.prevel.ca\\\/fr\\\/blogue\\\/lart-dhabiller-vos-fenetres\",\"url\":\"https:\\\/\\\/www.prevel.ca\\\/fr\\\/blogue\\\/lart-dhabiller-vos-fenetres\",\"name\":\"L\u2019art d\u2019habiller vos fen\u00eatres - Pr\u00e9vel\",\"isPartOf\":{\"@id\":\"https:\\\/\\\/www.prevel.ca\\\/fr\\\/#website\"},\"primaryImageOfPage\":{\"@id\":\"https:\\\/\\\/www.prevel.ca\\\/fr\\\/blogue\\\/lart-dhabiller-vos-fenetres#primaryimage\"},\"image\":{\"@id\":\"https:\\\/\\\/www.prevel.ca\\\/fr\\\/blogue\\\/lart-dhabiller-vos-fenetres#primaryimage\"},\"thumbnailUrl\":\"https:\\\/\\\/www.prevel.ca\\\/wp-content\\\/uploads\\\/blog\\\/2012-03-01-biaritz.jpg\",\"datePublished\":\"2012-03-01T18:19:57+00:00\",\"dateModified\":\"2020-07-07T23:36:52+00:00\",\"breadcrumb\":{\"@id\":\"https:\\\/\\\/www.prevel.ca\\\/fr\\\/blogue\\\/lart-dhabiller-vos-fenetres#breadcrumb\"},\"inLanguage\":\"fr-FR\",\"potentialAction\":[{\"@type\":\"ReadAction\",\"target\":[\"https:\\\/\\\/www.prevel.ca\\\/fr\\\/blogue\\\/lart-dhabiller-vos-fenetres\"]}]},{\"@type\":\"ImageObject\",\"inLanguage\":\"fr-FR\",\"@id\":\"https:\\\/\\\/www.prevel.ca\\\/fr\\\/blogue\\\/lart-dhabiller-vos-fenetres#primaryimage\",\"url\":\"https:\\\/\\\/www.prevel.ca\\\/wp-content\\\/uploads\\\/blog\\\/2012-03-01-biaritz.jpg\",\"contentUrl\":\"https:\\\/\\\/www.prevel.ca\\\/wp-content\\\/uploads\\\/blog\\\/2012-03-01-biaritz.jpg\",\"width\":725,\"height\":225,\"caption\":\"2012-03-01-biaritz\"},{\"@type\":\"BreadcrumbList\",\"@id\":\"https:\\\/\\\/www.prevel.ca\\\/fr\\\/blogue\\\/lart-dhabiller-vos-fenetres#breadcrumb\",\"itemListElement\":[{\"@type\":\"ListItem\",\"position\":1,\"name\":\"Home\",\"item\":\"https:\\\/\\\/www.prevel.ca\\\/fr\"},{\"@type\":\"ListItem\",\"position\":2,\"name\":\"L\u2019art d\u2019habiller vos fen\u00eatres\"}]},{\"@type\":\"WebSite\",\"@id\":\"https:\\\/\\\/www.prevel.ca\\\/fr\\\/#website\",\"url\":\"https:\\\/\\\/www.prevel.ca\\\/fr\\\/\",\"name\":\"Pr\u00e9vel\",\"description\":\"\",\"publisher\":{\"@id\":\"https:\\\/\\\/www.prevel.ca\\\/fr\\\/#organization\"},\"potentialAction\":[{\"@type\":\"SearchAction\",\"target\":{\"@type\":\"EntryPoint\",\"urlTemplate\":\"https:\\\/\\\/www.prevel.ca\\\/fr\\\/?s={search_term_string}\"},\"query-input\":{\"@type\":\"PropertyValueSpecification\",\"valueRequired\":true,\"valueName\":\"search_term_string\"}}],\"inLanguage\":\"fr-FR\"},{\"@type\":\"Organization\",\"@id\":\"https:\\\/\\\/www.prevel.ca\\\/fr\\\/#organization\",\"name\":\"Pr\u00e9vel\",\"url\":\"https:\\\/\\\/www.prevel.ca\\\/fr\\\/\",\"logo\":{\"@type\":\"ImageObject\",\"inLanguage\":\"fr-FR\",\"@id\":\"https:\\\/\\\/www.prevel.ca\\\/fr\\\/#\\\/schema\\\/logo\\\/image\\\/\",\"url\":\"https:\\\/\\\/www.prevel.ca\\\/wp-content\\\/uploads\\\/icon-logo.svg\",\"contentUrl\":\"https:\\\/\\\/www.prevel.ca\\\/wp-content\\\/uploads\\\/icon-logo.svg\",\"width\":122,\"height\":33,\"caption\":\"Pr\u00e9vel\"},\"image\":{\"@id\":\"https:\\\/\\\/www.prevel.ca\\\/fr\\\/#\\\/schema\\\/logo\\\/image\\\/\"}},{\"@type\":\"Person\",\"@id\":\"https:\\\/\\\/www.prevel.ca\\\/fr\\\/#\\\/schema\\\/person\\\/8b8bf446b61061abce50e5f01177ce33\",\"name\":\"Vanessa Perez\",\"image\":{\"@type\":\"ImageObject\",\"inLanguage\":\"fr-FR\",\"@id\":\"https:\\\/\\\/secure.gravatar.com\\\/avatar\\\/498db0b52db4d2cb2037100fd3d891f1fd928c172a92af8114c4a9c6a610f39e?s=96&d=mm&r=g\",\"url\":\"https:\\\/\\\/secure.gravatar.com\\\/avatar\\\/498db0b52db4d2cb2037100fd3d891f1fd928c172a92af8114c4a9c6a610f39e?s=96&d=mm&r=g\",\"contentUrl\":\"https:\\\/\\\/secure.gravatar.com\\\/avatar\\\/498db0b52db4d2cb2037100fd3d891f1fd928c172a92af8114c4a9c6a610f39e?s=96&d=mm&r=g\",\"caption\":\"Vanessa Perez\"}}]}<\/script>\n<!-- \/ Yoast SEO plugin. -->","yoast_head_json":{"title":"L\u2019art d\u2019habiller vos fen\u00eatres - Pr\u00e9vel","robots":{"index":"index","follow":"follow","max-snippet":"max-snippet:-1","max-image-preview":"max-image-preview:large","max-video-preview":"max-video-preview:-1"},"canonical":"https:\/\/www.prevel.ca\/fr\/blogue\/lart-dhabiller-vos-fenetres","og_locale":"fr_FR","og_type":"article","og_title":"L\u2019art d\u2019habiller vos fen\u00eatres - Pr\u00e9vel","og_description":"Vous d\u00e9m\u00e9nagez et vous constatez que vos stores ou rideaux actuels ne pourront \u00eatre r\u00e9utilis\u00e9s dans votre nouvel appartement : trop courts, trop \u00e9troits, ab\u00eem\u00e9s par le soleil ou encore d\u00e9finitivement plus dans l\u2019air du temps!","og_url":"https:\/\/www.prevel.ca\/fr\/blogue\/lart-dhabiller-vos-fenetres","og_site_name":"Pr\u00e9vel","article_published_time":"2012-03-01T18:19:57+00:00","article_modified_time":"2020-07-07T23:36:52+00:00","og_image":[{"width":725,"height":225,"url":"https:\/\/www.prevel.ca\/wp-content\/uploads\/blog\/2012-03-01-biaritz.jpg","type":"image\/jpeg"}],"author":"Vanessa Perez","twitter_card":"summary_large_image","twitter_misc":{"\u00c9crit par":"Vanessa Perez","Dur\u00e9e de lecture estim\u00e9e":"3 minutes"},"schema":{"@context":"https:\/\/schema.org","@graph":[{"@type":"Article","@id":"https:\/\/www.prevel.ca\/fr\/blogue\/lart-dhabiller-vos-fenetres#article","isPartOf":{"@id":"https:\/\/www.prevel.ca\/fr\/blogue\/lart-dhabiller-vos-fenetres"},"author":{"name":"Vanessa Perez","@id":"https:\/\/www.prevel.ca\/fr\/#\/schema\/person\/8b8bf446b61061abce50e5f01177ce33"},"headline":"L\u2019art d\u2019habiller vos fen\u00eatres","datePublished":"2012-03-01T18:19:57+00:00","dateModified":"2020-07-07T23:36:52+00:00","mainEntityOfPage":{"@id":"https:\/\/www.prevel.ca\/fr\/blogue\/lart-dhabiller-vos-fenetres"},"wordCount":523,"commentCount":0,"publisher":{"@id":"https:\/\/www.prevel.ca\/fr\/#organization"},"image":{"@id":"https:\/\/www.prevel.ca\/fr\/blogue\/lart-dhabiller-vos-fenetres#primaryimage"},"thumbnailUrl":"https:\/\/www.prevel.ca\/wp-content\/uploads\/blog\/2012-03-01-biaritz.jpg","articleSection":["Non classifi\u00e9(e)"],"inLanguage":"fr-FR","potentialAction":[{"@type":"CommentAction","name":"Comment","target":["https:\/\/www.prevel.ca\/fr\/blogue\/lart-dhabiller-vos-fenetres#respond"]}]},{"@type":"WebPage","@id":"https:\/\/www.prevel.ca\/fr\/blogue\/lart-dhabiller-vos-fenetres","url":"https:\/\/www.prevel.ca\/fr\/blogue\/lart-dhabiller-vos-fenetres","name":"L\u2019art d\u2019habiller vos fen\u00eatres - Pr\u00e9vel","isPartOf":{"@id":"https:\/\/www.prevel.ca\/fr\/#website"},"primaryImageOfPage":{"@id":"https:\/\/www.prevel.ca\/fr\/blogue\/lart-dhabiller-vos-fenetres#primaryimage"},"image":{"@id":"https:\/\/www.prevel.ca\/fr\/blogue\/lart-dhabiller-vos-fenetres#primaryimage"},"thumbnailUrl":"https:\/\/www.prevel.ca\/wp-content\/uploads\/blog\/2012-03-01-biaritz.jpg","datePublished":"2012-03-01T18:19:57+00:00","dateModified":"2020-07-07T23:36:52+00:00","breadcrumb":{"@id":"https:\/\/www.prevel.ca\/fr\/blogue\/lart-dhabiller-vos-fenetres#breadcrumb"},"inLanguage":"fr-FR","potentialAction":[{"@type":"ReadAction","target":["https:\/\/www.prevel.ca\/fr\/blogue\/lart-dhabiller-vos-fenetres"]}]},{"@type":"ImageObject","inLanguage":"fr-FR","@id":"https:\/\/www.prevel.ca\/fr\/blogue\/lart-dhabiller-vos-fenetres#primaryimage","url":"https:\/\/www.prevel.ca\/wp-content\/uploads\/blog\/2012-03-01-biaritz.jpg","contentUrl":"https:\/\/www.prevel.ca\/wp-content\/uploads\/blog\/2012-03-01-biaritz.jpg","width":725,"height":225,"caption":"2012-03-01-biaritz"},{"@type":"BreadcrumbList","@id":"https:\/\/www.prevel.ca\/fr\/blogue\/lart-dhabiller-vos-fenetres#breadcrumb","itemListElement":[{"@type":"ListItem","position":1,"name":"Home","item":"https:\/\/www.prevel.ca\/fr"},{"@type":"ListItem","position":2,"name":"L\u2019art d\u2019habiller vos fen\u00eatres"}]},{"@type":"WebSite","@id":"https:\/\/www.prevel.ca\/fr\/#website","url":"https:\/\/www.prevel.ca\/fr\/","name":"Pr\u00e9vel","description":"","publisher":{"@id":"https:\/\/www.prevel.ca\/fr\/#organization"},"potentialAction":[{"@type":"SearchAction","target":{"@type":"EntryPoint","urlTemplate":"https:\/\/www.prevel.ca\/fr\/?s={search_term_string}"},"query-input":{"@type":"PropertyValueSpecification","valueRequired":true,"valueName":"search_term_string"}}],"inLanguage":"fr-FR"},{"@type":"Organization","@id":"https:\/\/www.prevel.ca\/fr\/#organization","name":"Pr\u00e9vel","url":"https:\/\/www.prevel.ca\/fr\/","logo":{"@type":"ImageObject","inLanguage":"fr-FR","@id":"https:\/\/www.prevel.ca\/fr\/#\/schema\/logo\/image\/","url":"https:\/\/www.prevel.ca\/wp-content\/uploads\/icon-logo.svg","contentUrl":"https:\/\/www.prevel.ca\/wp-content\/uploads\/icon-logo.svg","width":122,"height":33,"caption":"Pr\u00e9vel"},"image":{"@id":"https:\/\/www.prevel.ca\/fr\/#\/schema\/logo\/image\/"}},{"@type":"Person","@id":"https:\/\/www.prevel.ca\/fr\/#\/schema\/person\/8b8bf446b61061abce50e5f01177ce33","name":"Vanessa Perez","image":{"@type":"ImageObject","inLanguage":"fr-FR","@id":"https:\/\/secure.gravatar.com\/avatar\/498db0b52db4d2cb2037100fd3d891f1fd928c172a92af8114c4a9c6a610f39e?s=96&d=mm&r=g","url":"https:\/\/secure.gravatar.com\/avatar\/498db0b52db4d2cb2037100fd3d891f1fd928c172a92af8114c4a9c6a610f39e?s=96&d=mm&r=g","contentUrl":"https:\/\/secure.gravatar.com\/avatar\/498db0b52db4d2cb2037100fd3d891f1fd928c172a92af8114c4a9c6a610f39e?s=96&d=mm&r=g","caption":"Vanessa Perez"}}]}},"_links":{"self":[{"href":"https:\/\/www.prevel.ca\/fr\/wp-json\/wp\/v2\/posts\/1000411","targetHints":{"allow":["GET"]}}],"collection":[{"href":"https:\/\/www.prevel.ca\/fr\/wp-json\/wp\/v2\/posts"}],"about":[{"href":"https:\/\/www.prevel.ca\/fr\/wp-json\/wp\/v2\/types\/post"}],"author":[{"embeddable":true,"href":"https:\/\/www.prevel.ca\/fr\/wp-json\/wp\/v2\/users\/30"}],"replies":[{"embeddable":true,"href":"https:\/\/www.prevel.ca\/fr\/wp-json\/wp\/v2\/comments?post=1000411"}],"version-history":[{"count":0,"href":"https:\/\/www.prevel.ca\/fr\/wp-json\/wp\/v2\/posts\/1000411\/revisions"}],"wp:featuredmedia":[{"embeddable":true,"href":"https:\/\/www.prevel.ca\/fr\/wp-json\/wp\/v2\/media\/1000412"}],"wp:attachment":[{"href":"https:\/\/www.prevel.ca\/fr\/wp-json\/wp\/v2\/media?parent=1000411"}],"wp:term":[{"taxonomy":"category","embeddable":true,"href":"https:\/\/www.prevel.ca\/fr\/wp-json\/wp\/v2\/categories?post=1000411"},{"taxonomy":"post_tag","embeddable":true,"href":"https:\/\/www.prevel.ca\/fr\/wp-json\/wp\/v2\/tags?post=1000411"}],"curies":[{"name":"wp","href":"https:\/\/api.w.org\/{rel}","templated":true}]}}