{"id":1000145,"date":"2011-07-11T19:03:48","date_gmt":"2011-07-11T17:03:48","guid":{"rendered":"http:\/\/wordpress4.local\/2011\/07\/11\/choix-de-design-pour-son-condo\/"},"modified":"2020-07-08T01:40:30","modified_gmt":"2020-07-07T23:40:30","slug":"choix-de-design-pour-son-condo","status":"publish","type":"post","link":"https:\/\/www.prevel.ca\/fr\/blogue\/choix-de-design-pour-son-condo","title":{"rendered":"Choix de design pour son condo"},"content":{"rendered":"\n<p>Par <a href=\"https:\/\/www.prevel.ca\/blogueindex.php?page_id=301\" target=\"_blank\" rel=\"noopener noreferrer\"><strong>Patrick Archambault<\/strong><\/a> Depuis les derniers mois, les clients des premi\u00e8res phases du<a href=\"https:\/\/www.prevel.ca\/blogue\" target=\"_blank\" rel=\"noopener noreferrer\"><strong> Seville<\/strong><\/a> ont commenc\u00e9 \u00e0 faire leurs choix de finis.&nbsp; Voici des pistes pour vous guider dans cet exercice. Au fil de mes conversations avec les clients, je r\u00e9alise qu\u2019il n\u2019est pas facile pour tout le monde de faire des choix de design pour son condo. Il est toujours conseill\u00e9 de venir au bureau des ventes avant votre rendez-vous officiel afin de consulter les diff\u00e9rents choix qui s\u2019offrent \u00e0 vous. Il sera plus facile de faire un choix en compagnie des designers si vous avez d\u00e9j\u00e0 une id\u00e9e de ce que nous offrons. Je comprends cependant qu\u2019il est parfois difficile de choisir. J\u2019ai donc d\u00e9cid\u00e9 de fouiller l\u2019Internet pour d\u00e9nicher des trucs et conseils en mati\u00e8res de design et de vous faire part de mes trouvailles. Pour commencer, un outil tr\u00e8s pratique est offert sur notre site Internet; il vous permet de visualiser certains choix : <a href=\"https:\/\/www.prevel.ca\/projet\/le-seville\" target=\"_blank\" rel=\"noopener noreferrer\"><strong>cliquez ici pour les choix de finis<\/strong><\/a>. Le prochain site est en anglais, mais il y a beaucoup de visuel. C\u2019est un article sur les tendances pour les cuisines :<a href=\"http:\/\/www.hgtv.com\/kitchens\/kitchen-trends-hottest-color-combos\/pictures\/index.html\" target=\"_blank\" rel=\"noopener noreferrer\"><strong> les tendances pour les cuisines<\/strong><\/a>. Encore sur le m\u00eame site, des id\u00e9es pour les agencements de salle de bain : <a href=\"http:\/\/www.hgtv.com\/bathrooms\/small-bathroom-design\/pictures\/index.html\" target=\"_blank\" rel=\"noopener noreferrer\"><strong>design de salles de bain<\/strong><\/a>. Pour couronner le tout, la compagnie de peinture C-I-L offre un outil extraordinaire pour visualiser leurs couleurs dans diff\u00e9rents environnements, tr\u00e8s pratique : <a href=\"http:\/\/www.cil.ca\/fr\/ideas\/virtual-painter\/#virtualpainter\" target=\"_blank\" rel=\"noopener noreferrer\"><strong>c&rsquo;est par ici! <\/strong><\/a> J\u2019esp\u00e8re que ces outils vous seront utiles. Si vous en connaissez d\u2019autres, partagez-les avec nous! Merci d&rsquo;avance! Patrick Le Seville<\/p>\n\n\n\n<!--more-->\n","protected":false},"excerpt":{"rendered":"<p>Par <a href=\"https:\/\/www.prevel.ca\/blogueindex.php?page_id=301\" target=\"_blank\" rel=\"noopener noreferrer\"><strong>Patrick Archambault<\/strong><\/a><\/p>\n<p>Depuis les derniers mois, les clients des premi\u00e8res phases du<a href=\"https:\/\/www.prevel.ca\/blogue\" target=\"_blank\" rel=\"noopener noreferrer\"><strong> Seville<\/strong><\/a> ont commenc\u00e9 \u00e0 faire leurs choix de finis.\u00a0 Voici des pistes pour vous guider dans cet exercice.<\/p>\n<p><!--more-->Au fil de mes conversations avec les clients, je r\u00e9alise qu\u2019il n\u2019est pas facile pour tout le monde de faire des choix de design pour son condo.<\/p>\n","protected":false},"author":24,"featured_media":1000146,"comment_status":"open","ping_status":"open","sticky":false,"template":"","format":"standard","meta":{"_acf_changed":false,"_editorskit_title_hidden":false,"_editorskit_reading_time":0,"_editorskit_is_block_options_detached":false,"_editorskit_block_options_position":"{}","footnotes":""},"categories":[1],"tags":[],"class_list":["post-1000145","post","type-post","status-publish","format-standard","has-post-thumbnail","hentry","category-non-classifiee"],"acf":[],"yoast_head":"<!-- This site is optimized with the Yoast SEO plugin v26.5 - https:\/\/yoast.com\/wordpress\/plugins\/seo\/ -->\n<title>Choix de design pour son condo - Pr\u00e9vel<\/title>\n<meta name=\"robots\" content=\"index, follow, max-snippet:-1, max-image-preview:large, max-video-preview:-1\" \/>\n<link rel=\"canonical\" href=\"https:\/\/www.prevel.ca\/fr\/blogue\/choix-de-design-pour-son-condo\" \/>\n<meta property=\"og:locale\" content=\"fr_FR\" \/>\n<meta property=\"og:type\" content=\"article\" \/>\n<meta property=\"og:title\" content=\"Choix de design pour son condo - Pr\u00e9vel\" \/>\n<meta property=\"og:description\" content=\"Par Patrick Archambault  Depuis les derniers mois, les clients des premi\u00e8res phases du Seville ont commenc\u00e9 \u00e0 faire leurs choix de finis.\u00a0 Voici des pistes pour vous guider dans cet exercice.  Au fil de mes conversations avec les clients, je r\u00e9alise qu\u2019il n\u2019est pas facile pour tout le monde de faire des choix de design pour son condo.\" \/>\n<meta property=\"og:url\" content=\"https:\/\/www.prevel.ca\/fr\/blogue\/choix-de-design-pour-son-condo\" \/>\n<meta property=\"og:site_name\" content=\"Pr\u00e9vel\" \/>\n<meta property=\"article:published_time\" content=\"2011-07-11T17:03:48+00:00\" \/>\n<meta property=\"article:modified_time\" content=\"2020-07-07T23:40:30+00:00\" \/>\n<meta property=\"og:image\" content=\"https:\/\/www.prevel.ca\/wp-content\/uploads\/blog\/2011-07-10-design-condo.jpg\" \/>\n\t<meta property=\"og:image:width\" content=\"725\" \/>\n\t<meta property=\"og:image:height\" content=\"225\" \/>\n\t<meta property=\"og:image:type\" content=\"image\/jpeg\" \/>\n<meta name=\"author\" content=\"Alexandra Renaud\" \/>\n<meta name=\"twitter:card\" content=\"summary_large_image\" \/>\n<meta name=\"twitter:label1\" content=\"\u00c9crit par\" \/>\n\t<meta name=\"twitter:data1\" content=\"Alexandra Renaud\" \/>\n\t<meta name=\"twitter:label2\" content=\"Dur\u00e9e de lecture estim\u00e9e\" \/>\n\t<meta name=\"twitter:data2\" content=\"1 minute\" \/>\n<script type=\"application\/ld+json\" class=\"yoast-schema-graph\">{\"@context\":\"https:\/\/schema.org\",\"@graph\":[{\"@type\":\"Article\",\"@id\":\"https:\/\/www.prevel.ca\/fr\/blogue\/choix-de-design-pour-son-condo#article\",\"isPartOf\":{\"@id\":\"https:\/\/www.prevel.ca\/fr\/blogue\/choix-de-design-pour-son-condo\"},\"author\":{\"name\":\"Alexandra Renaud\",\"@id\":\"https:\/\/www.prevel.ca\/fr\/#\/schema\/person\/2a68e215fbd5494c521d1db38791f5d2\"},\"headline\":\"Choix de design pour son condo\",\"datePublished\":\"2011-07-11T17:03:48+00:00\",\"dateModified\":\"2020-07-07T23:40:30+00:00\",\"mainEntityOfPage\":{\"@id\":\"https:\/\/www.prevel.ca\/fr\/blogue\/choix-de-design-pour-son-condo\"},\"wordCount\":285,\"commentCount\":0,\"publisher\":{\"@id\":\"https:\/\/www.prevel.ca\/fr\/#organization\"},\"image\":{\"@id\":\"https:\/\/www.prevel.ca\/fr\/blogue\/choix-de-design-pour-son-condo#primaryimage\"},\"thumbnailUrl\":\"https:\/\/www.prevel.ca\/wp-content\/uploads\/blog\/2011-07-10-design-condo.jpg\",\"articleSection\":[\"Non classifi\u00e9(e)\"],\"inLanguage\":\"fr-FR\",\"potentialAction\":[{\"@type\":\"CommentAction\",\"name\":\"Comment\",\"target\":[\"https:\/\/www.prevel.ca\/fr\/blogue\/choix-de-design-pour-son-condo#respond\"]}]},{\"@type\":\"WebPage\",\"@id\":\"https:\/\/www.prevel.ca\/fr\/blogue\/choix-de-design-pour-son-condo\",\"url\":\"https:\/\/www.prevel.ca\/fr\/blogue\/choix-de-design-pour-son-condo\",\"name\":\"Choix de design pour son condo - Pr\u00e9vel\",\"isPartOf\":{\"@id\":\"https:\/\/www.prevel.ca\/fr\/#website\"},\"primaryImageOfPage\":{\"@id\":\"https:\/\/www.prevel.ca\/fr\/blogue\/choix-de-design-pour-son-condo#primaryimage\"},\"image\":{\"@id\":\"https:\/\/www.prevel.ca\/fr\/blogue\/choix-de-design-pour-son-condo#primaryimage\"},\"thumbnailUrl\":\"https:\/\/www.prevel.ca\/wp-content\/uploads\/blog\/2011-07-10-design-condo.jpg\",\"datePublished\":\"2011-07-11T17:03:48+00:00\",\"dateModified\":\"2020-07-07T23:40:30+00:00\",\"breadcrumb\":{\"@id\":\"https:\/\/www.prevel.ca\/fr\/blogue\/choix-de-design-pour-son-condo#breadcrumb\"},\"inLanguage\":\"fr-FR\",\"potentialAction\":[{\"@type\":\"ReadAction\",\"target\":[\"https:\/\/www.prevel.ca\/fr\/blogue\/choix-de-design-pour-son-condo\"]}]},{\"@type\":\"ImageObject\",\"inLanguage\":\"fr-FR\",\"@id\":\"https:\/\/www.prevel.ca\/fr\/blogue\/choix-de-design-pour-son-condo#primaryimage\",\"url\":\"https:\/\/www.prevel.ca\/wp-content\/uploads\/blog\/2011-07-10-design-condo.jpg\",\"contentUrl\":\"https:\/\/www.prevel.ca\/wp-content\/uploads\/blog\/2011-07-10-design-condo.jpg\",\"width\":725,\"height\":225,\"caption\":\"2011-07-10-design-condo\"},{\"@type\":\"BreadcrumbList\",\"@id\":\"https:\/\/www.prevel.ca\/fr\/blogue\/choix-de-design-pour-son-condo#breadcrumb\",\"itemListElement\":[{\"@type\":\"ListItem\",\"position\":1,\"name\":\"Home\",\"item\":\"https:\/\/www.prevel.ca\/fr\"},{\"@type\":\"ListItem\",\"position\":2,\"name\":\"Choix de design pour son condo\"}]},{\"@type\":\"WebSite\",\"@id\":\"https:\/\/www.prevel.ca\/fr\/#website\",\"url\":\"https:\/\/www.prevel.ca\/fr\/\",\"name\":\"Pr\u00e9vel\",\"description\":\"\",\"publisher\":{\"@id\":\"https:\/\/www.prevel.ca\/fr\/#organization\"},\"potentialAction\":[{\"@type\":\"SearchAction\",\"target\":{\"@type\":\"EntryPoint\",\"urlTemplate\":\"https:\/\/www.prevel.ca\/fr\/?s={search_term_string}\"},\"query-input\":{\"@type\":\"PropertyValueSpecification\",\"valueRequired\":true,\"valueName\":\"search_term_string\"}}],\"inLanguage\":\"fr-FR\"},{\"@type\":\"Organization\",\"@id\":\"https:\/\/www.prevel.ca\/fr\/#organization\",\"name\":\"Pr\u00e9vel\",\"url\":\"https:\/\/www.prevel.ca\/fr\/\",\"logo\":{\"@type\":\"ImageObject\",\"inLanguage\":\"fr-FR\",\"@id\":\"https:\/\/www.prevel.ca\/fr\/#\/schema\/logo\/image\/\",\"url\":\"https:\/\/www.prevel.ca\/wp-content\/uploads\/icon-logo.svg\",\"contentUrl\":\"https:\/\/www.prevel.ca\/wp-content\/uploads\/icon-logo.svg\",\"width\":122,\"height\":33,\"caption\":\"Pr\u00e9vel\"},\"image\":{\"@id\":\"https:\/\/www.prevel.ca\/fr\/#\/schema\/logo\/image\/\"}},{\"@type\":\"Person\",\"@id\":\"https:\/\/www.prevel.ca\/fr\/#\/schema\/person\/2a68e215fbd5494c521d1db38791f5d2\",\"name\":\"Alexandra Renaud\",\"image\":{\"@type\":\"ImageObject\",\"inLanguage\":\"fr-FR\",\"@id\":\"https:\/\/www.prevel.ca\/fr\/#\/schema\/person\/image\/\",\"url\":\"https:\/\/secure.gravatar.com\/avatar\/66928d5c9f9c3abad752eb13b6c7342fd1ab3cb10352523371c398efaf637554?s=96&d=mm&r=g\",\"contentUrl\":\"https:\/\/secure.gravatar.com\/avatar\/66928d5c9f9c3abad752eb13b6c7342fd1ab3cb10352523371c398efaf637554?s=96&d=mm&r=g\",\"caption\":\"Alexandra Renaud\"}}]}<\/script>\n<!-- \/ Yoast SEO plugin. -->","yoast_head_json":{"title":"Choix de design pour son condo - Pr\u00e9vel","robots":{"index":"index","follow":"follow","max-snippet":"max-snippet:-1","max-image-preview":"max-image-preview:large","max-video-preview":"max-video-preview:-1"},"canonical":"https:\/\/www.prevel.ca\/fr\/blogue\/choix-de-design-pour-son-condo","og_locale":"fr_FR","og_type":"article","og_title":"Choix de design pour son condo - Pr\u00e9vel","og_description":"Par Patrick Archambault  Depuis les derniers mois, les clients des premi\u00e8res phases du Seville ont commenc\u00e9 \u00e0 faire leurs choix de finis.\u00a0 Voici des pistes pour vous guider dans cet exercice.  Au fil de mes conversations avec les clients, je r\u00e9alise qu\u2019il n\u2019est pas facile pour tout le monde de faire des choix de design pour son condo.","og_url":"https:\/\/www.prevel.ca\/fr\/blogue\/choix-de-design-pour-son-condo","og_site_name":"Pr\u00e9vel","article_published_time":"2011-07-11T17:03:48+00:00","article_modified_time":"2020-07-07T23:40:30+00:00","og_image":[{"width":725,"height":225,"url":"https:\/\/www.prevel.ca\/wp-content\/uploads\/blog\/2011-07-10-design-condo.jpg","type":"image\/jpeg"}],"author":"Alexandra Renaud","twitter_card":"summary_large_image","twitter_misc":{"\u00c9crit par":"Alexandra Renaud","Dur\u00e9e de lecture estim\u00e9e":"1 minute"},"schema":{"@context":"https:\/\/schema.org","@graph":[{"@type":"Article","@id":"https:\/\/www.prevel.ca\/fr\/blogue\/choix-de-design-pour-son-condo#article","isPartOf":{"@id":"https:\/\/www.prevel.ca\/fr\/blogue\/choix-de-design-pour-son-condo"},"author":{"name":"Alexandra Renaud","@id":"https:\/\/www.prevel.ca\/fr\/#\/schema\/person\/2a68e215fbd5494c521d1db38791f5d2"},"headline":"Choix de design pour son condo","datePublished":"2011-07-11T17:03:48+00:00","dateModified":"2020-07-07T23:40:30+00:00","mainEntityOfPage":{"@id":"https:\/\/www.prevel.ca\/fr\/blogue\/choix-de-design-pour-son-condo"},"wordCount":285,"commentCount":0,"publisher":{"@id":"https:\/\/www.prevel.ca\/fr\/#organization"},"image":{"@id":"https:\/\/www.prevel.ca\/fr\/blogue\/choix-de-design-pour-son-condo#primaryimage"},"thumbnailUrl":"https:\/\/www.prevel.ca\/wp-content\/uploads\/blog\/2011-07-10-design-condo.jpg","articleSection":["Non classifi\u00e9(e)"],"inLanguage":"fr-FR","potentialAction":[{"@type":"CommentAction","name":"Comment","target":["https:\/\/www.prevel.ca\/fr\/blogue\/choix-de-design-pour-son-condo#respond"]}]},{"@type":"WebPage","@id":"https:\/\/www.prevel.ca\/fr\/blogue\/choix-de-design-pour-son-condo","url":"https:\/\/www.prevel.ca\/fr\/blogue\/choix-de-design-pour-son-condo","name":"Choix de design pour son condo - Pr\u00e9vel","isPartOf":{"@id":"https:\/\/www.prevel.ca\/fr\/#website"},"primaryImageOfPage":{"@id":"https:\/\/www.prevel.ca\/fr\/blogue\/choix-de-design-pour-son-condo#primaryimage"},"image":{"@id":"https:\/\/www.prevel.ca\/fr\/blogue\/choix-de-design-pour-son-condo#primaryimage"},"thumbnailUrl":"https:\/\/www.prevel.ca\/wp-content\/uploads\/blog\/2011-07-10-design-condo.jpg","datePublished":"2011-07-11T17:03:48+00:00","dateModified":"2020-07-07T23:40:30+00:00","breadcrumb":{"@id":"https:\/\/www.prevel.ca\/fr\/blogue\/choix-de-design-pour-son-condo#breadcrumb"},"inLanguage":"fr-FR","potentialAction":[{"@type":"ReadAction","target":["https:\/\/www.prevel.ca\/fr\/blogue\/choix-de-design-pour-son-condo"]}]},{"@type":"ImageObject","inLanguage":"fr-FR","@id":"https:\/\/www.prevel.ca\/fr\/blogue\/choix-de-design-pour-son-condo#primaryimage","url":"https:\/\/www.prevel.ca\/wp-content\/uploads\/blog\/2011-07-10-design-condo.jpg","contentUrl":"https:\/\/www.prevel.ca\/wp-content\/uploads\/blog\/2011-07-10-design-condo.jpg","width":725,"height":225,"caption":"2011-07-10-design-condo"},{"@type":"BreadcrumbList","@id":"https:\/\/www.prevel.ca\/fr\/blogue\/choix-de-design-pour-son-condo#breadcrumb","itemListElement":[{"@type":"ListItem","position":1,"name":"Home","item":"https:\/\/www.prevel.ca\/fr"},{"@type":"ListItem","position":2,"name":"Choix de design pour son condo"}]},{"@type":"WebSite","@id":"https:\/\/www.prevel.ca\/fr\/#website","url":"https:\/\/www.prevel.ca\/fr\/","name":"Pr\u00e9vel","description":"","publisher":{"@id":"https:\/\/www.prevel.ca\/fr\/#organization"},"potentialAction":[{"@type":"SearchAction","target":{"@type":"EntryPoint","urlTemplate":"https:\/\/www.prevel.ca\/fr\/?s={search_term_string}"},"query-input":{"@type":"PropertyValueSpecification","valueRequired":true,"valueName":"search_term_string"}}],"inLanguage":"fr-FR"},{"@type":"Organization","@id":"https:\/\/www.prevel.ca\/fr\/#organization","name":"Pr\u00e9vel","url":"https:\/\/www.prevel.ca\/fr\/","logo":{"@type":"ImageObject","inLanguage":"fr-FR","@id":"https:\/\/www.prevel.ca\/fr\/#\/schema\/logo\/image\/","url":"https:\/\/www.prevel.ca\/wp-content\/uploads\/icon-logo.svg","contentUrl":"https:\/\/www.prevel.ca\/wp-content\/uploads\/icon-logo.svg","width":122,"height":33,"caption":"Pr\u00e9vel"},"image":{"@id":"https:\/\/www.prevel.ca\/fr\/#\/schema\/logo\/image\/"}},{"@type":"Person","@id":"https:\/\/www.prevel.ca\/fr\/#\/schema\/person\/2a68e215fbd5494c521d1db38791f5d2","name":"Alexandra Renaud","image":{"@type":"ImageObject","inLanguage":"fr-FR","@id":"https:\/\/www.prevel.ca\/fr\/#\/schema\/person\/image\/","url":"https:\/\/secure.gravatar.com\/avatar\/66928d5c9f9c3abad752eb13b6c7342fd1ab3cb10352523371c398efaf637554?s=96&d=mm&r=g","contentUrl":"https:\/\/secure.gravatar.com\/avatar\/66928d5c9f9c3abad752eb13b6c7342fd1ab3cb10352523371c398efaf637554?s=96&d=mm&r=g","caption":"Alexandra Renaud"}}]}},"_links":{"self":[{"href":"https:\/\/www.prevel.ca\/fr\/wp-json\/wp\/v2\/posts\/1000145","targetHints":{"allow":["GET"]}}],"collection":[{"href":"https:\/\/www.prevel.ca\/fr\/wp-json\/wp\/v2\/posts"}],"about":[{"href":"https:\/\/www.prevel.ca\/fr\/wp-json\/wp\/v2\/types\/post"}],"author":[{"embeddable":true,"href":"https:\/\/www.prevel.ca\/fr\/wp-json\/wp\/v2\/users\/24"}],"replies":[{"embeddable":true,"href":"https:\/\/www.prevel.ca\/fr\/wp-json\/wp\/v2\/comments?post=1000145"}],"version-history":[{"count":0,"href":"https:\/\/www.prevel.ca\/fr\/wp-json\/wp\/v2\/posts\/1000145\/revisions"}],"wp:featuredmedia":[{"embeddable":true,"href":"https:\/\/www.prevel.ca\/fr\/wp-json\/wp\/v2\/media\/1000146"}],"wp:attachment":[{"href":"https:\/\/www.prevel.ca\/fr\/wp-json\/wp\/v2\/media?parent=1000145"}],"wp:term":[{"taxonomy":"category","embeddable":true,"href":"https:\/\/www.prevel.ca\/fr\/wp-json\/wp\/v2\/categories?post=1000145"},{"taxonomy":"post_tag","embeddable":true,"href":"https:\/\/www.prevel.ca\/fr\/wp-json\/wp\/v2\/tags?post=1000145"}],"curies":[{"name":"wp","href":"https:\/\/api.w.org\/{rel}","templated":true}]}}