{"id":1000142,"date":"2011-07-05T23:22:16","date_gmt":"2011-07-05T21:22:16","guid":{"rendered":"http:\/\/wordpress4.local\/2011\/07\/05\/video-les-bassins-du-havre\/"},"modified":"2020-07-08T01:40:32","modified_gmt":"2020-07-07T23:40:32","slug":"video-les-bassins-du-havre","status":"publish","type":"post","link":"https:\/\/www.prevel.ca\/fr\/blogue\/video-les-bassins-du-havre","title":{"rendered":"Vid\u00e9o Les Bassins du Havre"},"content":{"rendered":"\n<p><strong>La ville, l&rsquo;eau, la vie<\/strong> (english &amp; video follow)&nbsp; Riche de l&rsquo;histoire et du pass\u00e9 portuaire du site, le projet s&rsquo;inspire d&rsquo;une vision de \u00ab quais habit\u00e9s \u00bb en rappel de l&rsquo;ancien caract\u00e8re naval du canal de Lachine. Les b\u00e2timents donneront l&rsquo;illusion d&rsquo;\u00eatre d\u00e9pos\u00e9s sur l&rsquo;eau des bassins, donnant aux terrasses priv\u00e9es des allures de quais flottants. La <a href=\"http:\/\/lesbassins.prevel.ca\/fr\/le-canal-de-lachine\/\" target=\"_blank\" rel=\"noopener noreferrer\"><strong>proximit\u00e9 de la fameuse piste cyclable <\/strong><\/a>qui borde le canal ouvre un nouvel horizon pour les d\u00e9placements et les loisirs. Le projet vise une <a href=\"http:\/\/www.ecohabitation.com\/leed\/propos-de-LEED-Canada-pour-les-habitations\" target=\"_blank\" rel=\"noopener noreferrer\"><strong>certification LEED<\/strong><\/a>. ***** <em><strong>City &amp; Water: Life<\/strong><\/em> <em>Building on the rich port history of the site, the project is inspired by a vision of \u00ab\u00a0inhabited wharves\u00a0\u00bb, recalling the previous naval past of the Lachine Canal. Buildings appear as if carefully placed on the water, giving private terraces the feel of floating wharves. The <a href=\"http:\/\/lesbassins.prevel.ca\/en\/the-lachine-canal\/\" target=\"_blank\" rel=\"noopener noreferrer\"><strong>renowned biking path that stretches nearby <\/strong><\/a>makes it so much easier to move around, whether for practical purposes or for fun. <\/em> <em><\/em><wp-block data-block=\"core\/more\"><\/wp-block><\/p>\n\n\n\n<!--more-->\n\n\n\n<p class=\"has-text-align-center\"><object classid=\"clsid:d27cdb6e-ae6d-11cf-96b8-444553540000\" codebase=\"http:\/\/download.macromedia.com\/pub\/shockwave\/cabs\/flash\/swflash.cab#version=6,0,40,0\" height=\"349\" width=\"560\"><param name=\"allowFullScreen\" value=\"true\"><param name=\"allowscriptaccess\" value=\"always\"><param name=\"src\" value=\"http:\/\/www.youtube.com\/v\/vyHlFro5Mno?version=3&amp;hl=fr_FR&amp;rel=0\"><param name=\"allowfullscreen\" value=\"true\"><embed allowfullscreen=\"true\" allowscriptaccess=\"always\" height=\"349\" src=\"http:\/\/www.youtube.com\/v\/vyHlFro5Mno?version=3&amp;hl=fr_FR&amp;rel=0\" type=\"application\/x-shockwave-flash\" width=\"560\"><\/object><strong>Un projet durable<\/strong> L\u2019engagement de <a href=\"https:\/\/www.prevel.ca\/projets\" target=\"_blank\" rel=\"noopener noreferrer\"><strong>Pr\u00e9vel<\/strong><\/a> et <a href=\"http:\/\/racheljulien.com\/projets\/les-bassins-du-havres\" target=\"_blank\" rel=\"noopener noreferrer\"><strong>Rachel Julien<\/strong><\/a> est d\u2019offrir aux r\u00e9sidents des<a href=\"http:\/\/lesbassins.prevel.ca\/fr\" target=\"_blank\" rel=\"noopener noreferrer\"><strong> Bassins du Havre<\/strong><\/a> un milieu de vie sain et une qualit\u00e9 de vie ax\u00e9s sur le d\u00e9veloppement durable. Leurs efforts contribuent \u00e0 r\u00e9duire la consommation de ressources \u00e9nerg\u00e9tiques, de <strong>diminuer le \u00ab poids environnemental \u00bb de l\u2019industrie de la construction qui repr\u00e9sente, entre 30 et 50 % du volume total des d\u00e9chets mondiaux<\/strong>. La d\u00e9marche entreprise par les promoteurs pour l\u2019obtention d\u2019une certification LEED r\u00e9pond aux besoins des g\u00e9n\u00e9rations actuelles et futures en t\u00e9moignant d\u2019un comportement responsable, promesse d\u2019un avenir meilleur. ***** <em><strong>Sustainable Development<\/strong><\/em> <em> <\/em> <em><a href=\"https:\/\/www.prevel.ca\/blogue\/en-quoi-consiste-la-declaration-de-copropriete\" target=\"_blank\" rel=\"noopener noreferrer\"><strong>Pr\u00e9vel <\/strong><\/a>and <a href=\"http:\/\/racheljulien.com\/projets\/les-bassins-du-havre?lang=en\" target=\"_blank\" rel=\"noopener noreferrer\"><strong>Rachel Julien<\/strong><\/a>\u2019s commitment is to provide a healthy living environment and a quality of life, with a focus on sustainable development.<\/em> <em>Through their efforts, they are contributing to reducing the use of energy resources and <strong>decreasing the \u201cenvironmental weight\u201d of the construction industry, which represents 30-50% of the total volume of worldwide waste products<\/strong>.<\/em> <em>The steps undertaken by the developers in obtaining <a href=\"http:\/\/www.cagbc.org\/AM\/Template.cfm?Section=LEED\" target=\"_blank\" rel=\"noopener noreferrer\"><strong>LEED certification <\/strong><\/a>meet the needs of current and future generations by fostering a responsible approach, with a promise of a better future.<\/em><\/p>\n","protected":false},"excerpt":{"rendered":"<p><strong>La ville, l&rsquo;eau, la vie<\/strong><\/p>\n<p>(english &amp; video follow)\u00a0 Riche de l&rsquo;histoire et du pass\u00e9 portuaire du site, le projet s&rsquo;inspire d&rsquo;une vision de \u00ab quais habit\u00e9s \u00bb en rappel de l&rsquo;ancien caract\u00e8re naval du canal de Lachine.<\/p>\n<p><!--more--> Les b\u00e2timents donneront l&rsquo;illusion d&rsquo;\u00eatre d\u00e9pos\u00e9s sur l&rsquo;eau des bassins, donnant aux terrasses priv\u00e9es des allures de quais flottants.<\/p>\n","protected":false},"author":24,"featured_media":1000143,"comment_status":"open","ping_status":"open","sticky":false,"template":"","format":"standard","meta":{"_acf_changed":false,"_editorskit_title_hidden":false,"_editorskit_reading_time":0,"_editorskit_is_block_options_detached":false,"_editorskit_block_options_position":"{}","footnotes":""},"categories":[1],"tags":[],"class_list":["post-1000142","post","type-post","status-publish","format-standard","has-post-thumbnail","hentry","category-non-classifiee"],"acf":[],"yoast_head":"<!-- This site is optimized with the Yoast SEO plugin v26.5 - https:\/\/yoast.com\/wordpress\/plugins\/seo\/ -->\n<title>Vid\u00e9o Les Bassins du Havre - Pr\u00e9vel<\/title>\n<meta name=\"robots\" content=\"index, follow, max-snippet:-1, max-image-preview:large, max-video-preview:-1\" \/>\n<link rel=\"canonical\" href=\"https:\/\/www.prevel.ca\/fr\/blogue\/video-les-bassins-du-havre\" \/>\n<meta property=\"og:locale\" content=\"fr_FR\" \/>\n<meta property=\"og:type\" content=\"article\" \/>\n<meta property=\"og:title\" content=\"Vid\u00e9o Les Bassins du Havre - Pr\u00e9vel\" \/>\n<meta property=\"og:description\" content=\"La ville, l&#039;eau, la vie  (english &amp; video follow)\u00a0 Riche de l&#039;histoire et du pass\u00e9 portuaire du site, le projet s&#039;inspire d&#039;une vision de \u00ab quais habit\u00e9s \u00bb en rappel de l&#039;ancien caract\u00e8re naval du canal de Lachine.   Les b\u00e2timents donneront l&#039;illusion d&#039;\u00eatre d\u00e9pos\u00e9s sur l&#039;eau des bassins, donnant aux terrasses priv\u00e9es des allures de quais flottants.\" \/>\n<meta property=\"og:url\" content=\"https:\/\/www.prevel.ca\/fr\/blogue\/video-les-bassins-du-havre\" \/>\n<meta property=\"og:site_name\" content=\"Pr\u00e9vel\" \/>\n<meta property=\"article:published_time\" content=\"2011-07-05T21:22:16+00:00\" \/>\n<meta property=\"article:modified_time\" content=\"2020-07-07T23:40:32+00:00\" \/>\n<meta property=\"og:image\" content=\"https:\/\/www.prevel.ca\/wp-content\/uploads\/blog\/2011-07-05-Les-Bassins-du-Havre-video.jpg\" \/>\n\t<meta property=\"og:image:width\" content=\"725\" \/>\n\t<meta property=\"og:image:height\" content=\"225\" \/>\n\t<meta property=\"og:image:type\" content=\"image\/jpeg\" \/>\n<meta name=\"author\" content=\"Alexandra Renaud\" \/>\n<meta name=\"twitter:card\" content=\"summary_large_image\" \/>\n<meta name=\"twitter:label1\" content=\"\u00c9crit par\" \/>\n\t<meta name=\"twitter:data1\" content=\"Alexandra Renaud\" \/>\n\t<meta name=\"twitter:label2\" content=\"Dur\u00e9e de lecture estim\u00e9e\" \/>\n\t<meta name=\"twitter:data2\" content=\"2 minutes\" \/>\n<script type=\"application\/ld+json\" class=\"yoast-schema-graph\">{\"@context\":\"https:\/\/schema.org\",\"@graph\":[{\"@type\":\"Article\",\"@id\":\"https:\/\/www.prevel.ca\/fr\/blogue\/video-les-bassins-du-havre#article\",\"isPartOf\":{\"@id\":\"https:\/\/www.prevel.ca\/fr\/blogue\/video-les-bassins-du-havre\"},\"author\":{\"name\":\"Alexandra Renaud\",\"@id\":\"https:\/\/www.prevel.ca\/fr\/#\/schema\/person\/2a68e215fbd5494c521d1db38791f5d2\"},\"headline\":\"Vid\u00e9o Les Bassins du Havre\",\"datePublished\":\"2011-07-05T21:22:16+00:00\",\"dateModified\":\"2020-07-07T23:40:32+00:00\",\"mainEntityOfPage\":{\"@id\":\"https:\/\/www.prevel.ca\/fr\/blogue\/video-les-bassins-du-havre\"},\"wordCount\":374,\"commentCount\":0,\"publisher\":{\"@id\":\"https:\/\/www.prevel.ca\/fr\/#organization\"},\"image\":{\"@id\":\"https:\/\/www.prevel.ca\/fr\/blogue\/video-les-bassins-du-havre#primaryimage\"},\"thumbnailUrl\":\"https:\/\/www.prevel.ca\/wp-content\/uploads\/blog\/2011-07-05-Les-Bassins-du-Havre-video.jpg\",\"articleSection\":[\"Non classifi\u00e9(e)\"],\"inLanguage\":\"fr-FR\",\"potentialAction\":[{\"@type\":\"CommentAction\",\"name\":\"Comment\",\"target\":[\"https:\/\/www.prevel.ca\/fr\/blogue\/video-les-bassins-du-havre#respond\"]}]},{\"@type\":\"WebPage\",\"@id\":\"https:\/\/www.prevel.ca\/fr\/blogue\/video-les-bassins-du-havre\",\"url\":\"https:\/\/www.prevel.ca\/fr\/blogue\/video-les-bassins-du-havre\",\"name\":\"Vid\u00e9o Les Bassins du Havre - Pr\u00e9vel\",\"isPartOf\":{\"@id\":\"https:\/\/www.prevel.ca\/fr\/#website\"},\"primaryImageOfPage\":{\"@id\":\"https:\/\/www.prevel.ca\/fr\/blogue\/video-les-bassins-du-havre#primaryimage\"},\"image\":{\"@id\":\"https:\/\/www.prevel.ca\/fr\/blogue\/video-les-bassins-du-havre#primaryimage\"},\"thumbnailUrl\":\"https:\/\/www.prevel.ca\/wp-content\/uploads\/blog\/2011-07-05-Les-Bassins-du-Havre-video.jpg\",\"datePublished\":\"2011-07-05T21:22:16+00:00\",\"dateModified\":\"2020-07-07T23:40:32+00:00\",\"breadcrumb\":{\"@id\":\"https:\/\/www.prevel.ca\/fr\/blogue\/video-les-bassins-du-havre#breadcrumb\"},\"inLanguage\":\"fr-FR\",\"potentialAction\":[{\"@type\":\"ReadAction\",\"target\":[\"https:\/\/www.prevel.ca\/fr\/blogue\/video-les-bassins-du-havre\"]}]},{\"@type\":\"ImageObject\",\"inLanguage\":\"fr-FR\",\"@id\":\"https:\/\/www.prevel.ca\/fr\/blogue\/video-les-bassins-du-havre#primaryimage\",\"url\":\"https:\/\/www.prevel.ca\/wp-content\/uploads\/blog\/2011-07-05-Les-Bassins-du-Havre-video.jpg\",\"contentUrl\":\"https:\/\/www.prevel.ca\/wp-content\/uploads\/blog\/2011-07-05-Les-Bassins-du-Havre-video.jpg\",\"width\":725,\"height\":225,\"caption\":\"2011-07-05-Les-Bassins-du-Havre-video\"},{\"@type\":\"BreadcrumbList\",\"@id\":\"https:\/\/www.prevel.ca\/fr\/blogue\/video-les-bassins-du-havre#breadcrumb\",\"itemListElement\":[{\"@type\":\"ListItem\",\"position\":1,\"name\":\"Home\",\"item\":\"https:\/\/www.prevel.ca\/fr\"},{\"@type\":\"ListItem\",\"position\":2,\"name\":\"Vid\u00e9o Les Bassins du Havre\"}]},{\"@type\":\"WebSite\",\"@id\":\"https:\/\/www.prevel.ca\/fr\/#website\",\"url\":\"https:\/\/www.prevel.ca\/fr\/\",\"name\":\"Pr\u00e9vel\",\"description\":\"\",\"publisher\":{\"@id\":\"https:\/\/www.prevel.ca\/fr\/#organization\"},\"potentialAction\":[{\"@type\":\"SearchAction\",\"target\":{\"@type\":\"EntryPoint\",\"urlTemplate\":\"https:\/\/www.prevel.ca\/fr\/?s={search_term_string}\"},\"query-input\":{\"@type\":\"PropertyValueSpecification\",\"valueRequired\":true,\"valueName\":\"search_term_string\"}}],\"inLanguage\":\"fr-FR\"},{\"@type\":\"Organization\",\"@id\":\"https:\/\/www.prevel.ca\/fr\/#organization\",\"name\":\"Pr\u00e9vel\",\"url\":\"https:\/\/www.prevel.ca\/fr\/\",\"logo\":{\"@type\":\"ImageObject\",\"inLanguage\":\"fr-FR\",\"@id\":\"https:\/\/www.prevel.ca\/fr\/#\/schema\/logo\/image\/\",\"url\":\"https:\/\/www.prevel.ca\/wp-content\/uploads\/icon-logo.svg\",\"contentUrl\":\"https:\/\/www.prevel.ca\/wp-content\/uploads\/icon-logo.svg\",\"width\":122,\"height\":33,\"caption\":\"Pr\u00e9vel\"},\"image\":{\"@id\":\"https:\/\/www.prevel.ca\/fr\/#\/schema\/logo\/image\/\"}},{\"@type\":\"Person\",\"@id\":\"https:\/\/www.prevel.ca\/fr\/#\/schema\/person\/2a68e215fbd5494c521d1db38791f5d2\",\"name\":\"Alexandra Renaud\",\"image\":{\"@type\":\"ImageObject\",\"inLanguage\":\"fr-FR\",\"@id\":\"https:\/\/www.prevel.ca\/fr\/#\/schema\/person\/image\/\",\"url\":\"https:\/\/secure.gravatar.com\/avatar\/66928d5c9f9c3abad752eb13b6c7342fd1ab3cb10352523371c398efaf637554?s=96&d=mm&r=g\",\"contentUrl\":\"https:\/\/secure.gravatar.com\/avatar\/66928d5c9f9c3abad752eb13b6c7342fd1ab3cb10352523371c398efaf637554?s=96&d=mm&r=g\",\"caption\":\"Alexandra Renaud\"}}]}<\/script>\n<!-- \/ Yoast SEO plugin. -->","yoast_head_json":{"title":"Vid\u00e9o Les Bassins du Havre - Pr\u00e9vel","robots":{"index":"index","follow":"follow","max-snippet":"max-snippet:-1","max-image-preview":"max-image-preview:large","max-video-preview":"max-video-preview:-1"},"canonical":"https:\/\/www.prevel.ca\/fr\/blogue\/video-les-bassins-du-havre","og_locale":"fr_FR","og_type":"article","og_title":"Vid\u00e9o Les Bassins du Havre - Pr\u00e9vel","og_description":"La ville, l'eau, la vie  (english &amp; video follow)\u00a0 Riche de l'histoire et du pass\u00e9 portuaire du site, le projet s'inspire d'une vision de \u00ab quais habit\u00e9s \u00bb en rappel de l'ancien caract\u00e8re naval du canal de Lachine.   Les b\u00e2timents donneront l'illusion d'\u00eatre d\u00e9pos\u00e9s sur l'eau des bassins, donnant aux terrasses priv\u00e9es des allures de quais flottants.","og_url":"https:\/\/www.prevel.ca\/fr\/blogue\/video-les-bassins-du-havre","og_site_name":"Pr\u00e9vel","article_published_time":"2011-07-05T21:22:16+00:00","article_modified_time":"2020-07-07T23:40:32+00:00","og_image":[{"width":725,"height":225,"url":"https:\/\/www.prevel.ca\/wp-content\/uploads\/blog\/2011-07-05-Les-Bassins-du-Havre-video.jpg","type":"image\/jpeg"}],"author":"Alexandra Renaud","twitter_card":"summary_large_image","twitter_misc":{"\u00c9crit par":"Alexandra Renaud","Dur\u00e9e de lecture estim\u00e9e":"2 minutes"},"schema":{"@context":"https:\/\/schema.org","@graph":[{"@type":"Article","@id":"https:\/\/www.prevel.ca\/fr\/blogue\/video-les-bassins-du-havre#article","isPartOf":{"@id":"https:\/\/www.prevel.ca\/fr\/blogue\/video-les-bassins-du-havre"},"author":{"name":"Alexandra Renaud","@id":"https:\/\/www.prevel.ca\/fr\/#\/schema\/person\/2a68e215fbd5494c521d1db38791f5d2"},"headline":"Vid\u00e9o Les Bassins du Havre","datePublished":"2011-07-05T21:22:16+00:00","dateModified":"2020-07-07T23:40:32+00:00","mainEntityOfPage":{"@id":"https:\/\/www.prevel.ca\/fr\/blogue\/video-les-bassins-du-havre"},"wordCount":374,"commentCount":0,"publisher":{"@id":"https:\/\/www.prevel.ca\/fr\/#organization"},"image":{"@id":"https:\/\/www.prevel.ca\/fr\/blogue\/video-les-bassins-du-havre#primaryimage"},"thumbnailUrl":"https:\/\/www.prevel.ca\/wp-content\/uploads\/blog\/2011-07-05-Les-Bassins-du-Havre-video.jpg","articleSection":["Non classifi\u00e9(e)"],"inLanguage":"fr-FR","potentialAction":[{"@type":"CommentAction","name":"Comment","target":["https:\/\/www.prevel.ca\/fr\/blogue\/video-les-bassins-du-havre#respond"]}]},{"@type":"WebPage","@id":"https:\/\/www.prevel.ca\/fr\/blogue\/video-les-bassins-du-havre","url":"https:\/\/www.prevel.ca\/fr\/blogue\/video-les-bassins-du-havre","name":"Vid\u00e9o Les Bassins du Havre - Pr\u00e9vel","isPartOf":{"@id":"https:\/\/www.prevel.ca\/fr\/#website"},"primaryImageOfPage":{"@id":"https:\/\/www.prevel.ca\/fr\/blogue\/video-les-bassins-du-havre#primaryimage"},"image":{"@id":"https:\/\/www.prevel.ca\/fr\/blogue\/video-les-bassins-du-havre#primaryimage"},"thumbnailUrl":"https:\/\/www.prevel.ca\/wp-content\/uploads\/blog\/2011-07-05-Les-Bassins-du-Havre-video.jpg","datePublished":"2011-07-05T21:22:16+00:00","dateModified":"2020-07-07T23:40:32+00:00","breadcrumb":{"@id":"https:\/\/www.prevel.ca\/fr\/blogue\/video-les-bassins-du-havre#breadcrumb"},"inLanguage":"fr-FR","potentialAction":[{"@type":"ReadAction","target":["https:\/\/www.prevel.ca\/fr\/blogue\/video-les-bassins-du-havre"]}]},{"@type":"ImageObject","inLanguage":"fr-FR","@id":"https:\/\/www.prevel.ca\/fr\/blogue\/video-les-bassins-du-havre#primaryimage","url":"https:\/\/www.prevel.ca\/wp-content\/uploads\/blog\/2011-07-05-Les-Bassins-du-Havre-video.jpg","contentUrl":"https:\/\/www.prevel.ca\/wp-content\/uploads\/blog\/2011-07-05-Les-Bassins-du-Havre-video.jpg","width":725,"height":225,"caption":"2011-07-05-Les-Bassins-du-Havre-video"},{"@type":"BreadcrumbList","@id":"https:\/\/www.prevel.ca\/fr\/blogue\/video-les-bassins-du-havre#breadcrumb","itemListElement":[{"@type":"ListItem","position":1,"name":"Home","item":"https:\/\/www.prevel.ca\/fr"},{"@type":"ListItem","position":2,"name":"Vid\u00e9o Les Bassins du Havre"}]},{"@type":"WebSite","@id":"https:\/\/www.prevel.ca\/fr\/#website","url":"https:\/\/www.prevel.ca\/fr\/","name":"Pr\u00e9vel","description":"","publisher":{"@id":"https:\/\/www.prevel.ca\/fr\/#organization"},"potentialAction":[{"@type":"SearchAction","target":{"@type":"EntryPoint","urlTemplate":"https:\/\/www.prevel.ca\/fr\/?s={search_term_string}"},"query-input":{"@type":"PropertyValueSpecification","valueRequired":true,"valueName":"search_term_string"}}],"inLanguage":"fr-FR"},{"@type":"Organization","@id":"https:\/\/www.prevel.ca\/fr\/#organization","name":"Pr\u00e9vel","url":"https:\/\/www.prevel.ca\/fr\/","logo":{"@type":"ImageObject","inLanguage":"fr-FR","@id":"https:\/\/www.prevel.ca\/fr\/#\/schema\/logo\/image\/","url":"https:\/\/www.prevel.ca\/wp-content\/uploads\/icon-logo.svg","contentUrl":"https:\/\/www.prevel.ca\/wp-content\/uploads\/icon-logo.svg","width":122,"height":33,"caption":"Pr\u00e9vel"},"image":{"@id":"https:\/\/www.prevel.ca\/fr\/#\/schema\/logo\/image\/"}},{"@type":"Person","@id":"https:\/\/www.prevel.ca\/fr\/#\/schema\/person\/2a68e215fbd5494c521d1db38791f5d2","name":"Alexandra Renaud","image":{"@type":"ImageObject","inLanguage":"fr-FR","@id":"https:\/\/www.prevel.ca\/fr\/#\/schema\/person\/image\/","url":"https:\/\/secure.gravatar.com\/avatar\/66928d5c9f9c3abad752eb13b6c7342fd1ab3cb10352523371c398efaf637554?s=96&d=mm&r=g","contentUrl":"https:\/\/secure.gravatar.com\/avatar\/66928d5c9f9c3abad752eb13b6c7342fd1ab3cb10352523371c398efaf637554?s=96&d=mm&r=g","caption":"Alexandra Renaud"}}]}},"_links":{"self":[{"href":"https:\/\/www.prevel.ca\/fr\/wp-json\/wp\/v2\/posts\/1000142","targetHints":{"allow":["GET"]}}],"collection":[{"href":"https:\/\/www.prevel.ca\/fr\/wp-json\/wp\/v2\/posts"}],"about":[{"href":"https:\/\/www.prevel.ca\/fr\/wp-json\/wp\/v2\/types\/post"}],"author":[{"embeddable":true,"href":"https:\/\/www.prevel.ca\/fr\/wp-json\/wp\/v2\/users\/24"}],"replies":[{"embeddable":true,"href":"https:\/\/www.prevel.ca\/fr\/wp-json\/wp\/v2\/comments?post=1000142"}],"version-history":[{"count":0,"href":"https:\/\/www.prevel.ca\/fr\/wp-json\/wp\/v2\/posts\/1000142\/revisions"}],"wp:featuredmedia":[{"embeddable":true,"href":"https:\/\/www.prevel.ca\/fr\/wp-json\/wp\/v2\/media\/1000143"}],"wp:attachment":[{"href":"https:\/\/www.prevel.ca\/fr\/wp-json\/wp\/v2\/media?parent=1000142"}],"wp:term":[{"taxonomy":"category","embeddable":true,"href":"https:\/\/www.prevel.ca\/fr\/wp-json\/wp\/v2\/categories?post=1000142"},{"taxonomy":"post_tag","embeddable":true,"href":"https:\/\/www.prevel.ca\/fr\/wp-json\/wp\/v2\/tags?post=1000142"}],"curies":[{"name":"wp","href":"https:\/\/api.w.org\/{rel}","templated":true}]}}